{"id":13326,"date":"2023-10-19T13:19:58","date_gmt":"2023-10-19T13:19:58","guid":{"rendered":"https:\/\/chasquideportivo.com\/ecrt\/?p=13326"},"modified":"2023-10-19T13:19:58","modified_gmt":"2023-10-19T13:19:58","slug":"ecuador-deja-mas-dudas-que-certezas-en-las-eliminatorias-mundialistas","status":"publish","type":"post","link":"https:\/\/chasquideportivo.com\/ecrt\/ecuador-deja-mas-dudas-que-certezas-en-las-eliminatorias-mundialistas\/","title":{"rendered":"Ecuador deja m\u00e1s dudas que certezas en las Eliminatorias mundialistas"},"content":{"rendered":"<p>La selecci\u00f3n de Ecuador sali\u00f3 de la doble fecha de eliminatorias sudamericanas de octubre con cuatro puntos de seis posibles al ganar a Bolivia por 1-2 y empatar 0-0 con Colombia, pero con interrogantes en su nivel de juego.<!--more--><\/p>\n<p>Los goles para el triunfo por 1-2 sobre Bolivia sirvieron para maquillar el discreto desempe\u00f1o colectivo, que provoc\u00f3 sobresaltos a sus aficionados hasta el final del encuentro.<img loading=\"lazy\" decoding=\"async\" class=\"size-medium wp-image-13296 alignleft\" src=\"https:\/\/chasquideportivo.com\/ecrt\/wp-content\/uploads\/2023\/10\/Kendry-y-Moises-295x300.jpg\" alt=\"\" width=\"295\" height=\"300\" \/><\/p>\n<p>Las individualidades y el momento sobresaliente de Mois\u00e9s Caicedo, para procurar simplificar el juego desordenado del equipo, y la efectividad del juvenil Kendry P\u00e1ez y Kevin Rodr\u00edguez, terminaron aplacando los nervios ante el colista de las eliminatorias.<\/p>\n<p>Por eso, los bolivianos consideraron que merec\u00edan mejor suerte.<\/p>\n<p>Ante Colombia, las individualidades volvieron a salvar al equipo, pues el portero Mois\u00e9s Ramirez, adem\u00e1s de tapar un penalti a Luis D\u00edaz en el minuto 60, conjur\u00f3 otras acciones.<\/p>\n<p>Mois\u00e9s Caicedo intent\u00f3 simplificar el juego, pero hasta el travesa\u00f1o le neg\u00f3 el gol.<\/p>\n<p>En otra acci\u00f3n individual del jugador del Chelsea ingl\u00e9s, recuper\u00f3 el bal\u00f3n y asisti\u00f3 a Rodr\u00edguez, pero el remate del discutido atacante se estrell\u00f3 con el palo. Fue la mejor ocasi\u00f3n de Ecuador ante Colombia.<\/p>\n<p>Desajustes en defensa<\/p>\n<p>La selecci\u00f3n Cafetera tambi\u00e9n dej\u00f3 en evidencia los desajustes de la Tri, tal como qued\u00f3 visto, tambi\u00e9n en Quito, durante el sufrido triunfo por 2-1 sobre Uruguay.<\/p>\n<p>Tanto Uruguay como Colombia debieron salir de Quito con la sensaci\u00f3n de que pudieron llevarse m\u00e1s.<\/p>\n<p>Y como en el f\u00fatbol los resultados no se dan a los que merecen, sino a los que hacen que las cosas sucedan, las interrogantes se agigantan en torno al funcionamiento de los pupilos del espa\u00f1ol F\u00e9lix S\u00e1nchez.<\/p>\n<p>\u00bfLes alcanzar\u00e1 en los pr\u00f3ximos partidos para escalar posiciones a partir del sexto puesto actual?<\/p>\n<p>Ecuador dej\u00f3 de ser ese equipo que en las eliminatorias pasadas llegaba por oleadas a la zona contraria, con r\u00e1pidas transiciones, y que complicaba a los rivales con una sostenida presi\u00f3n alta en defensa y en ataque.<\/p>\n<p>Errores en salida<\/p>\n<p>Colombia, que tiene su fort\u00edn en la calurosa ciudad caribe\u00f1a de Barranquilla, sorprendi\u00f3 con alta presi\u00f3n en los 2.850 metros de altitud de Quito, e hizo cometer errores en salida a la discutida l\u00ednea de tres defensas implantado por S\u00e1nchez.<\/p>\n<p>Conocedores ya del desarrollo alcanzado por Ecuador desde su primera clasificaci\u00f3n mundialista en 2002, y del protagonismo que desde entonces ha tenido en las eliminatorias sudamericanas, los rivales han tomado mayores precauciones para controlar la fuerza f\u00edsica y la velocidad de sus extremos.<\/p>\n<p>La prueba de laboratorio crucial para los pupilos de S\u00e1nchez se producir\u00e1 en noviembre, durante los partidos de las fechas quinta y sexta.<\/p>\n<p>La Tri visitar\u00e1 a Venezuela el 16 de noviembre y recibir\u00e1 a Chile el d\u00eda 21. EFE<\/p>\n","protected":false},"excerpt":{"rendered":"<p>La selecci\u00f3n de Ecuador sali\u00f3 de la doble fecha de eliminatorias sudamericanas de octubre con cuatro puntos de seis posibles al ganar a Bolivia por 1-2 y empatar 0-0 con Colombia, pero con interrogantes en su nivel de juego.<\/p>\n","protected":false},"author":2,"featured_media":13296,"comment_status":"open","ping_status":"open","sticky":false,"template":"","format":"standard","meta":{"_et_pb_use_builder":"","_et_pb_old_content":"","_et_gb_content_width":"","footnotes":""},"categories":[18],"tags":[22,1126],"class_list":["post-13326","post","type-post","status-publish","format-standard","has-post-thumbnail","hentry","category-golazo","tag-chasqui-deportivo","tag-ecuador-deja-mas-dudas-que-certezas-en-las-eliminatorias-mundialistas"],"yoast_head":"<!-- This site is optimized with the Yoast SEO plugin v27.4 - https:\/\/yoast.com\/product\/yoast-seo-wordpress\/ -->\n<title>Ecuador deja m\u00e1s dudas que certezas en las Eliminatorias mundialistas - ChasquiDeportivo<\/title>\n<meta name=\"description\" content=\"Chasqui Deportivo | Informaci\u00f3n y comunicaci\u00f3n, reportajes, noticias, entrevistas en el \u00e1rea del deporte local, nacional.\" \/>\n<meta name=\"robots\" content=\"index, follow, max-snippet:-1, max-image-preview:large, max-video-preview:-1\" \/>\n<link rel=\"canonical\" href=\"https:\/\/chasquideportivo.com\/ecrt\/ecuador-deja-mas-dudas-que-certezas-en-las-eliminatorias-mundialistas\/\" \/>\n<meta property=\"og:locale\" content=\"es_ES\" \/>\n<meta property=\"og:type\" content=\"article\" \/>\n<meta property=\"og:title\" content=\"Ecuador deja m\u00e1s dudas que certezas en las Eliminatorias mundialistas - ChasquiDeportivo\" \/>\n<meta property=\"og:description\" content=\"Chasqui Deportivo | Informaci\u00f3n y comunicaci\u00f3n, reportajes, noticias, entrevistas en el \u00e1rea del deporte local, nacional.\" \/>\n<meta property=\"og:url\" content=\"https:\/\/chasquideportivo.com\/ecrt\/ecuador-deja-mas-dudas-que-certezas-en-las-eliminatorias-mundialistas\/\" \/>\n<meta property=\"og:site_name\" content=\"ChasquiDeportivo\" \/>\n<meta property=\"article:publisher\" content=\"https:\/\/www.facebook.com\/chasquideportivo\" \/>\n<meta property=\"article:published_time\" content=\"2023-10-19T13:19:58+00:00\" \/>\n<meta property=\"og:image\" content=\"https:\/\/chasquideportivo.com\/ecrt\/wp-content\/uploads\/2023\/10\/Kendry-y-Moises.jpg\" \/>\n\t<meta property=\"og:image:width\" content=\"1080\" \/>\n\t<meta property=\"og:image:height\" content=\"1100\" \/>\n\t<meta property=\"og:image:type\" content=\"image\/jpeg\" \/>\n<meta name=\"author\" content=\"Redacci\u00f3n Chasqui Deportivo\" \/>\n<meta name=\"twitter:card\" content=\"summary_large_image\" \/>\n<meta name=\"twitter:creator\" content=\"@chasquidep\" \/>\n<meta name=\"twitter:site\" content=\"@chasquidep\" \/>\n<meta name=\"twitter:label1\" content=\"Escrito por\" \/>\n\t<meta name=\"twitter:data1\" content=\"Redacci\u00f3n Chasqui Deportivo\" \/>\n\t<meta name=\"twitter:label2\" content=\"Tiempo de lectura\" \/>\n\t<meta name=\"twitter:data2\" content=\"3 minutos\" \/>\n<script type=\"application\/ld+json\" class=\"yoast-schema-graph\">{\"@context\":\"https:\\\/\\\/schema.org\",\"@graph\":[{\"@type\":\"Article\",\"@id\":\"https:\\\/\\\/chasquideportivo.com\\\/ecrt\\\/ecuador-deja-mas-dudas-que-certezas-en-las-eliminatorias-mundialistas\\\/#article\",\"isPartOf\":{\"@id\":\"https:\\\/\\\/chasquideportivo.com\\\/ecrt\\\/ecuador-deja-mas-dudas-que-certezas-en-las-eliminatorias-mundialistas\\\/\"},\"author\":{\"name\":\"Redacci\u00f3n Chasqui Deportivo\",\"@id\":\"https:\\\/\\\/chasquideportivo.com\\\/ecrt\\\/#\\\/schema\\\/person\\\/33917d530026e458779161ba37af0135\"},\"headline\":\"Ecuador deja m\u00e1s dudas que certezas en las Eliminatorias mundialistas\",\"datePublished\":\"2023-10-19T13:19:58+00:00\",\"mainEntityOfPage\":{\"@id\":\"https:\\\/\\\/chasquideportivo.com\\\/ecrt\\\/ecuador-deja-mas-dudas-que-certezas-en-las-eliminatorias-mundialistas\\\/\"},\"wordCount\":495,\"commentCount\":0,\"publisher\":{\"@id\":\"https:\\\/\\\/chasquideportivo.com\\\/ecrt\\\/#organization\"},\"image\":{\"@id\":\"https:\\\/\\\/chasquideportivo.com\\\/ecrt\\\/ecuador-deja-mas-dudas-que-certezas-en-las-eliminatorias-mundialistas\\\/#primaryimage\"},\"thumbnailUrl\":\"https:\\\/\\\/chasquideportivo.com\\\/ecrt\\\/wp-content\\\/uploads\\\/2023\\\/10\\\/Kendry-y-Moises.jpg\",\"keywords\":[\"chasqui deportivo\",\"Ecuador deja m\u00e1s dudas que certezas en las Eliminatorias mundialistas\"],\"articleSection\":[\"Golazo\"],\"inLanguage\":\"es\",\"potentialAction\":[{\"@type\":\"CommentAction\",\"name\":\"Comment\",\"target\":[\"https:\\\/\\\/chasquideportivo.com\\\/ecrt\\\/ecuador-deja-mas-dudas-que-certezas-en-las-eliminatorias-mundialistas\\\/#respond\"]}]},{\"@type\":\"WebPage\",\"@id\":\"https:\\\/\\\/chasquideportivo.com\\\/ecrt\\\/ecuador-deja-mas-dudas-que-certezas-en-las-eliminatorias-mundialistas\\\/\",\"url\":\"https:\\\/\\\/chasquideportivo.com\\\/ecrt\\\/ecuador-deja-mas-dudas-que-certezas-en-las-eliminatorias-mundialistas\\\/\",\"name\":\"Ecuador deja m\u00e1s dudas que certezas en las Eliminatorias mundialistas - ChasquiDeportivo\",\"isPartOf\":{\"@id\":\"https:\\\/\\\/chasquideportivo.com\\\/ecrt\\\/#website\"},\"primaryImageOfPage\":{\"@id\":\"https:\\\/\\\/chasquideportivo.com\\\/ecrt\\\/ecuador-deja-mas-dudas-que-certezas-en-las-eliminatorias-mundialistas\\\/#primaryimage\"},\"image\":{\"@id\":\"https:\\\/\\\/chasquideportivo.com\\\/ecrt\\\/ecuador-deja-mas-dudas-que-certezas-en-las-eliminatorias-mundialistas\\\/#primaryimage\"},\"thumbnailUrl\":\"https:\\\/\\\/chasquideportivo.com\\\/ecrt\\\/wp-content\\\/uploads\\\/2023\\\/10\\\/Kendry-y-Moises.jpg\",\"datePublished\":\"2023-10-19T13:19:58+00:00\",\"description\":\"Chasqui Deportivo | Informaci\u00f3n y comunicaci\u00f3n, reportajes, noticias, entrevistas en el \u00e1rea del deporte local, nacional.\",\"breadcrumb\":{\"@id\":\"https:\\\/\\\/chasquideportivo.com\\\/ecrt\\\/ecuador-deja-mas-dudas-que-certezas-en-las-eliminatorias-mundialistas\\\/#breadcrumb\"},\"inLanguage\":\"es\",\"potentialAction\":[{\"@type\":\"ReadAction\",\"target\":[\"https:\\\/\\\/chasquideportivo.com\\\/ecrt\\\/ecuador-deja-mas-dudas-que-certezas-en-las-eliminatorias-mundialistas\\\/\"]}]},{\"@type\":\"ImageObject\",\"inLanguage\":\"es\",\"@id\":\"https:\\\/\\\/chasquideportivo.com\\\/ecrt\\\/ecuador-deja-mas-dudas-que-certezas-en-las-eliminatorias-mundialistas\\\/#primaryimage\",\"url\":\"https:\\\/\\\/chasquideportivo.com\\\/ecrt\\\/wp-content\\\/uploads\\\/2023\\\/10\\\/Kendry-y-Moises.jpg\",\"contentUrl\":\"https:\\\/\\\/chasquideportivo.com\\\/ecrt\\\/wp-content\\\/uploads\\\/2023\\\/10\\\/Kendry-y-Moises.jpg\",\"width\":1080,\"height\":1100},{\"@type\":\"BreadcrumbList\",\"@id\":\"https:\\\/\\\/chasquideportivo.com\\\/ecrt\\\/ecuador-deja-mas-dudas-que-certezas-en-las-eliminatorias-mundialistas\\\/#breadcrumb\",\"itemListElement\":[{\"@type\":\"ListItem\",\"position\":1,\"name\":\"Portada | Chasqui Deportivo\",\"item\":\"https:\\\/\\\/chasquideportivo.com\\\/ecrt\\\/\"},{\"@type\":\"ListItem\",\"position\":2,\"name\":\"Archivo\",\"item\":\"https:\\\/\\\/chasquideportivo.com\\\/ecrt\\\/category\\\/archivo\\\/\"},{\"@type\":\"ListItem\",\"position\":3,\"name\":\"Golazo\",\"item\":\"https:\\\/\\\/chasquideportivo.com\\\/ecrt\\\/category\\\/archivo\\\/golazo\\\/\"},{\"@type\":\"ListItem\",\"position\":4,\"name\":\"Ecuador deja m\u00e1s dudas que certezas en las Eliminatorias mundialistas\"}]},{\"@type\":\"WebSite\",\"@id\":\"https:\\\/\\\/chasquideportivo.com\\\/ecrt\\\/#website\",\"url\":\"https:\\\/\\\/chasquideportivo.com\\\/ecrt\\\/\",\"name\":\"ChasquiDeportivo\",\"description\":\"Informaci&oacute;n y comunicaci&oacute;n, reportajes, noticias, entrevistas en el &aacute;rea del deporte local, nacional.\",\"publisher\":{\"@id\":\"https:\\\/\\\/chasquideportivo.com\\\/ecrt\\\/#organization\"},\"potentialAction\":[{\"@type\":\"SearchAction\",\"target\":{\"@type\":\"EntryPoint\",\"urlTemplate\":\"https:\\\/\\\/chasquideportivo.com\\\/ecrt\\\/?s={search_term_string}\"},\"query-input\":{\"@type\":\"PropertyValueSpecification\",\"valueRequired\":true,\"valueName\":\"search_term_string\"}}],\"inLanguage\":\"es\"},{\"@type\":\"Organization\",\"@id\":\"https:\\\/\\\/chasquideportivo.com\\\/ecrt\\\/#organization\",\"name\":\"Chasqui Deportivo\",\"url\":\"https:\\\/\\\/chasquideportivo.com\\\/ecrt\\\/\",\"logo\":{\"@type\":\"ImageObject\",\"inLanguage\":\"es\",\"@id\":\"https:\\\/\\\/chasquideportivo.com\\\/ecrt\\\/#\\\/schema\\\/logo\\\/image\\\/\",\"url\":\"https:\\\/\\\/chasquideportivo.com\\\/ecrt\\\/wp-content\\\/uploads\\\/2022\\\/01\\\/logo-vertical.jpg\",\"contentUrl\":\"https:\\\/\\\/chasquideportivo.com\\\/ecrt\\\/wp-content\\\/uploads\\\/2022\\\/01\\\/logo-vertical.jpg\",\"width\":612,\"height\":750,\"caption\":\"Chasqui Deportivo\"},\"image\":{\"@id\":\"https:\\\/\\\/chasquideportivo.com\\\/ecrt\\\/#\\\/schema\\\/logo\\\/image\\\/\"},\"sameAs\":[\"https:\\\/\\\/www.facebook.com\\\/chasquideportivo\",\"https:\\\/\\\/x.com\\\/chasquidep\",\"https:\\\/\\\/www.instagram.com\\\/chasquideportivo.ec\",\"https:\\\/\\\/www.youtube.com\\\/channel\\\/UCGY8M-csHuxJuGRt4XrV90Q\"]},{\"@type\":\"Person\",\"@id\":\"https:\\\/\\\/chasquideportivo.com\\\/ecrt\\\/#\\\/schema\\\/person\\\/33917d530026e458779161ba37af0135\",\"name\":\"Redacci\u00f3n Chasqui Deportivo\",\"image\":{\"@type\":\"ImageObject\",\"inLanguage\":\"es\",\"@id\":\"https:\\\/\\\/secure.gravatar.com\\\/avatar\\\/7eb0ecd9938a9f50328ab097af6f56b5e3a84cecb09256bdb75ac402bc1d935b?s=96&d=mm&r=g\",\"url\":\"https:\\\/\\\/secure.gravatar.com\\\/avatar\\\/7eb0ecd9938a9f50328ab097af6f56b5e3a84cecb09256bdb75ac402bc1d935b?s=96&d=mm&r=g\",\"contentUrl\":\"https:\\\/\\\/secure.gravatar.com\\\/avatar\\\/7eb0ecd9938a9f50328ab097af6f56b5e3a84cecb09256bdb75ac402bc1d935b?s=96&d=mm&r=g\",\"caption\":\"Redacci\u00f3n Chasqui Deportivo\"},\"sameAs\":[\"http:\\\/\\\/www.chasquideportivo.com\\\/ecrt\"],\"url\":\"https:\\\/\\\/chasquideportivo.com\\\/ecrt\\\/author\\\/cachito\\\/\"}]}<\/script>\n<!-- \/ Yoast SEO plugin. -->","yoast_head_json":{"title":"Ecuador deja m\u00e1s dudas que certezas en las Eliminatorias mundialistas - ChasquiDeportivo","description":"Chasqui Deportivo | Informaci\u00f3n y comunicaci\u00f3n, reportajes, noticias, entrevistas en el \u00e1rea del deporte local, nacional.","robots":{"index":"index","follow":"follow","max-snippet":"max-snippet:-1","max-image-preview":"max-image-preview:large","max-video-preview":"max-video-preview:-1"},"canonical":"https:\/\/chasquideportivo.com\/ecrt\/ecuador-deja-mas-dudas-que-certezas-en-las-eliminatorias-mundialistas\/","og_locale":"es_ES","og_type":"article","og_title":"Ecuador deja m\u00e1s dudas que certezas en las Eliminatorias mundialistas - ChasquiDeportivo","og_description":"Chasqui Deportivo | Informaci\u00f3n y comunicaci\u00f3n, reportajes, noticias, entrevistas en el \u00e1rea del deporte local, nacional.","og_url":"https:\/\/chasquideportivo.com\/ecrt\/ecuador-deja-mas-dudas-que-certezas-en-las-eliminatorias-mundialistas\/","og_site_name":"ChasquiDeportivo","article_publisher":"https:\/\/www.facebook.com\/chasquideportivo","article_published_time":"2023-10-19T13:19:58+00:00","og_image":[{"width":1080,"height":1100,"url":"https:\/\/chasquideportivo.com\/ecrt\/wp-content\/uploads\/2023\/10\/Kendry-y-Moises.jpg","type":"image\/jpeg"}],"author":"Redacci\u00f3n Chasqui Deportivo","twitter_card":"summary_large_image","twitter_creator":"@chasquidep","twitter_site":"@chasquidep","twitter_misc":{"Escrito por":"Redacci\u00f3n Chasqui Deportivo","Tiempo de lectura":"3 minutos"},"schema":{"@context":"https:\/\/schema.org","@graph":[{"@type":"Article","@id":"https:\/\/chasquideportivo.com\/ecrt\/ecuador-deja-mas-dudas-que-certezas-en-las-eliminatorias-mundialistas\/#article","isPartOf":{"@id":"https:\/\/chasquideportivo.com\/ecrt\/ecuador-deja-mas-dudas-que-certezas-en-las-eliminatorias-mundialistas\/"},"author":{"name":"Redacci\u00f3n Chasqui Deportivo","@id":"https:\/\/chasquideportivo.com\/ecrt\/#\/schema\/person\/33917d530026e458779161ba37af0135"},"headline":"Ecuador deja m\u00e1s dudas que certezas en las Eliminatorias mundialistas","datePublished":"2023-10-19T13:19:58+00:00","mainEntityOfPage":{"@id":"https:\/\/chasquideportivo.com\/ecrt\/ecuador-deja-mas-dudas-que-certezas-en-las-eliminatorias-mundialistas\/"},"wordCount":495,"commentCount":0,"publisher":{"@id":"https:\/\/chasquideportivo.com\/ecrt\/#organization"},"image":{"@id":"https:\/\/chasquideportivo.com\/ecrt\/ecuador-deja-mas-dudas-que-certezas-en-las-eliminatorias-mundialistas\/#primaryimage"},"thumbnailUrl":"https:\/\/chasquideportivo.com\/ecrt\/wp-content\/uploads\/2023\/10\/Kendry-y-Moises.jpg","keywords":["chasqui deportivo","Ecuador deja m\u00e1s dudas que certezas en las Eliminatorias mundialistas"],"articleSection":["Golazo"],"inLanguage":"es","potentialAction":[{"@type":"CommentAction","name":"Comment","target":["https:\/\/chasquideportivo.com\/ecrt\/ecuador-deja-mas-dudas-que-certezas-en-las-eliminatorias-mundialistas\/#respond"]}]},{"@type":"WebPage","@id":"https:\/\/chasquideportivo.com\/ecrt\/ecuador-deja-mas-dudas-que-certezas-en-las-eliminatorias-mundialistas\/","url":"https:\/\/chasquideportivo.com\/ecrt\/ecuador-deja-mas-dudas-que-certezas-en-las-eliminatorias-mundialistas\/","name":"Ecuador deja m\u00e1s dudas que certezas en las Eliminatorias mundialistas - ChasquiDeportivo","isPartOf":{"@id":"https:\/\/chasquideportivo.com\/ecrt\/#website"},"primaryImageOfPage":{"@id":"https:\/\/chasquideportivo.com\/ecrt\/ecuador-deja-mas-dudas-que-certezas-en-las-eliminatorias-mundialistas\/#primaryimage"},"image":{"@id":"https:\/\/chasquideportivo.com\/ecrt\/ecuador-deja-mas-dudas-que-certezas-en-las-eliminatorias-mundialistas\/#primaryimage"},"thumbnailUrl":"https:\/\/chasquideportivo.com\/ecrt\/wp-content\/uploads\/2023\/10\/Kendry-y-Moises.jpg","datePublished":"2023-10-19T13:19:58+00:00","description":"Chasqui Deportivo | Informaci\u00f3n y comunicaci\u00f3n, reportajes, noticias, entrevistas en el \u00e1rea del deporte local, nacional.","breadcrumb":{"@id":"https:\/\/chasquideportivo.com\/ecrt\/ecuador-deja-mas-dudas-que-certezas-en-las-eliminatorias-mundialistas\/#breadcrumb"},"inLanguage":"es","potentialAction":[{"@type":"ReadAction","target":["https:\/\/chasquideportivo.com\/ecrt\/ecuador-deja-mas-dudas-que-certezas-en-las-eliminatorias-mundialistas\/"]}]},{"@type":"ImageObject","inLanguage":"es","@id":"https:\/\/chasquideportivo.com\/ecrt\/ecuador-deja-mas-dudas-que-certezas-en-las-eliminatorias-mundialistas\/#primaryimage","url":"https:\/\/chasquideportivo.com\/ecrt\/wp-content\/uploads\/2023\/10\/Kendry-y-Moises.jpg","contentUrl":"https:\/\/chasquideportivo.com\/ecrt\/wp-content\/uploads\/2023\/10\/Kendry-y-Moises.jpg","width":1080,"height":1100},{"@type":"BreadcrumbList","@id":"https:\/\/chasquideportivo.com\/ecrt\/ecuador-deja-mas-dudas-que-certezas-en-las-eliminatorias-mundialistas\/#breadcrumb","itemListElement":[{"@type":"ListItem","position":1,"name":"Portada | Chasqui Deportivo","item":"https:\/\/chasquideportivo.com\/ecrt\/"},{"@type":"ListItem","position":2,"name":"Archivo","item":"https:\/\/chasquideportivo.com\/ecrt\/category\/archivo\/"},{"@type":"ListItem","position":3,"name":"Golazo","item":"https:\/\/chasquideportivo.com\/ecrt\/category\/archivo\/golazo\/"},{"@type":"ListItem","position":4,"name":"Ecuador deja m\u00e1s dudas que certezas en las Eliminatorias mundialistas"}]},{"@type":"WebSite","@id":"https:\/\/chasquideportivo.com\/ecrt\/#website","url":"https:\/\/chasquideportivo.com\/ecrt\/","name":"ChasquiDeportivo","description":"Informaci&oacute;n y comunicaci&oacute;n, reportajes, noticias, entrevistas en el &aacute;rea del deporte local, nacional.","publisher":{"@id":"https:\/\/chasquideportivo.com\/ecrt\/#organization"},"potentialAction":[{"@type":"SearchAction","target":{"@type":"EntryPoint","urlTemplate":"https:\/\/chasquideportivo.com\/ecrt\/?s={search_term_string}"},"query-input":{"@type":"PropertyValueSpecification","valueRequired":true,"valueName":"search_term_string"}}],"inLanguage":"es"},{"@type":"Organization","@id":"https:\/\/chasquideportivo.com\/ecrt\/#organization","name":"Chasqui Deportivo","url":"https:\/\/chasquideportivo.com\/ecrt\/","logo":{"@type":"ImageObject","inLanguage":"es","@id":"https:\/\/chasquideportivo.com\/ecrt\/#\/schema\/logo\/image\/","url":"https:\/\/chasquideportivo.com\/ecrt\/wp-content\/uploads\/2022\/01\/logo-vertical.jpg","contentUrl":"https:\/\/chasquideportivo.com\/ecrt\/wp-content\/uploads\/2022\/01\/logo-vertical.jpg","width":612,"height":750,"caption":"Chasqui Deportivo"},"image":{"@id":"https:\/\/chasquideportivo.com\/ecrt\/#\/schema\/logo\/image\/"},"sameAs":["https:\/\/www.facebook.com\/chasquideportivo","https:\/\/x.com\/chasquidep","https:\/\/www.instagram.com\/chasquideportivo.ec","https:\/\/www.youtube.com\/channel\/UCGY8M-csHuxJuGRt4XrV90Q"]},{"@type":"Person","@id":"https:\/\/chasquideportivo.com\/ecrt\/#\/schema\/person\/33917d530026e458779161ba37af0135","name":"Redacci\u00f3n Chasqui Deportivo","image":{"@type":"ImageObject","inLanguage":"es","@id":"https:\/\/secure.gravatar.com\/avatar\/7eb0ecd9938a9f50328ab097af6f56b5e3a84cecb09256bdb75ac402bc1d935b?s=96&d=mm&r=g","url":"https:\/\/secure.gravatar.com\/avatar\/7eb0ecd9938a9f50328ab097af6f56b5e3a84cecb09256bdb75ac402bc1d935b?s=96&d=mm&r=g","contentUrl":"https:\/\/secure.gravatar.com\/avatar\/7eb0ecd9938a9f50328ab097af6f56b5e3a84cecb09256bdb75ac402bc1d935b?s=96&d=mm&r=g","caption":"Redacci\u00f3n Chasqui Deportivo"},"sameAs":["http:\/\/www.chasquideportivo.com\/ecrt"],"url":"https:\/\/chasquideportivo.com\/ecrt\/author\/cachito\/"}]}},"_links":{"self":[{"href":"https:\/\/chasquideportivo.com\/ecrt\/wp-json\/wp\/v2\/posts\/13326","targetHints":{"allow":["GET"]}}],"collection":[{"href":"https:\/\/chasquideportivo.com\/ecrt\/wp-json\/wp\/v2\/posts"}],"about":[{"href":"https:\/\/chasquideportivo.com\/ecrt\/wp-json\/wp\/v2\/types\/post"}],"author":[{"embeddable":true,"href":"https:\/\/chasquideportivo.com\/ecrt\/wp-json\/wp\/v2\/users\/2"}],"replies":[{"embeddable":true,"href":"https:\/\/chasquideportivo.com\/ecrt\/wp-json\/wp\/v2\/comments?post=13326"}],"version-history":[{"count":1,"href":"https:\/\/chasquideportivo.com\/ecrt\/wp-json\/wp\/v2\/posts\/13326\/revisions"}],"predecessor-version":[{"id":13327,"href":"https:\/\/chasquideportivo.com\/ecrt\/wp-json\/wp\/v2\/posts\/13326\/revisions\/13327"}],"wp:featuredmedia":[{"embeddable":true,"href":"https:\/\/chasquideportivo.com\/ecrt\/wp-json\/wp\/v2\/media\/13296"}],"wp:attachment":[{"href":"https:\/\/chasquideportivo.com\/ecrt\/wp-json\/wp\/v2\/media?parent=13326"}],"wp:term":[{"taxonomy":"category","embeddable":true,"href":"https:\/\/chasquideportivo.com\/ecrt\/wp-json\/wp\/v2\/categories?post=13326"},{"taxonomy":"post_tag","embeddable":true,"href":"https:\/\/chasquideportivo.com\/ecrt\/wp-json\/wp\/v2\/tags?post=13326"}],"curies":[{"name":"wp","href":"https:\/\/api.w.org\/{rel}","templated":true}]}}