{"id":13310,"date":"2023-10-16T14:08:19","date_gmt":"2023-10-16T14:08:19","guid":{"rendered":"https:\/\/chasquideportivo.com\/ecrt\/?p=13310"},"modified":"2023-10-16T14:08:19","modified_gmt":"2023-10-16T14:08:19","slug":"la-seleccion-de-ecuador-entrena-a-puerta-cerrada-para-recibir-a-la-de-colombia","status":"publish","type":"post","link":"https:\/\/chasquideportivo.com\/ecrt\/la-seleccion-de-ecuador-entrena-a-puerta-cerrada-para-recibir-a-la-de-colombia\/","title":{"rendered":"La selecci\u00f3n de Ecuador entrena a puerta cerrada para recibir a la de Colombia"},"content":{"rendered":"<p>La selecci\u00f3n de Ecuador entren\u00f3 este domingo a puerta cerrada para avanzar en la f\u00f3rmula con la que intentar\u00e1 imponerse a Colombia, el pr\u00f3ximo martes, por la cuarta fecha de las eliminatorias sudamericanas del Mundial 2026.<!--more--><\/p>\n<p>Con dos victorias y una derrota, el equipo que dirige desde marzo pasado el espa\u00f1ol F\u00e9lix S\u00e1nchez, procurar\u00e1 fortalecer su condici\u00f3n de local contra Colombia.<img loading=\"lazy\" decoding=\"async\" class=\"size-medium wp-image-13311 alignleft\" src=\"https:\/\/chasquideportivo.com\/ecrt\/wp-content\/uploads\/2023\/10\/DT-Felix-300x281.jpg\" alt=\"\" width=\"300\" height=\"281\" \/><\/p>\n<p>Tanto el t\u00e9cnico como sus jugadores, est\u00e1n conscientes de que el momento futbol\u00edstico de Colombia le otorga otra categor\u00eda al equipo que, con seguridad, procurar\u00e1 tomarse la revancha de las eliminatorias pasadas donde perdi\u00f3 por 6-1 en Quito y cedi\u00f3 empate de local por 0-0.<\/p>\n<p>El cuadro cafetero saltar\u00e1 al estadio de Liga de Quito, el pr\u00f3ximo martes con una victoria y dos empates, que lo mantienen invicto en la actual eliminatoria.<\/p>\n<p>Por lo que el t\u00e9cnico espa\u00f1ol aprovechar\u00e1 lo que quedar\u00e1 de tiempo para hacer los reajustes necesarios, en procura de mejorar el nivel mostrado en los anteriores partidos.<\/p>\n<p>Cuando perdi\u00f3 el control del bal\u00f3n ante Uruguay, en Quito, y frente a Bolivia, en La Paz, Ecuador mostr\u00f3 fragilidades defensivas.<\/p>\n<p>Ante Bolivia, S\u00e1nchez otorg\u00f3 la titularidad al portero Mois\u00e9s Ram\u00edrez quien, para los comentaristas ecuatorianos, no dio seguridad y esperan la inclusi\u00f3n de cualquiera de los experimentados, Alexander Dom\u00ednguez o Hern\u00e1n Galindez.<\/p>\n<p>Dom\u00ednguez se transform\u00f3 en la principal figura en el decisivo empate, sin goles, en el Metropolitano de Barranquilla, que allan\u00f3 el camino de Ecuador al Mundial de Qatar 2022, y tambi\u00e9n sobresali\u00f3 desde los octavos de final para que Liga de Quito acceda a la pr\u00f3xima final de la Copa Sudamericana.<\/p>\n<p>Galindez ven\u00eda siendo el titular en la derrota por 1-0 ante Argentina y en el triunfo por 2-1 sobre Uruguay, a lo que se sumaron sus actuaciones en el Mundial de Qatar 2022.<\/p>\n<p>El costado derecho de la defensa ecuatoriana tambi\u00e9n se mostr\u00f3 fr\u00e1gil ante Bolivia, pues apareci\u00f3 en esa posici\u00f3n el defensa central F\u00e9lix Torres, del Santos Laguna, de M\u00e9xico, por lo que todos esos detalles tendr\u00e1n la correcci\u00f3n del t\u00e9cnico ecuatoriano.<\/p>\n<p>Los ensayos, las variantes y la propuesta de juego de la selecci\u00f3n de S\u00e1nchez comenz\u00f3 a marcar diferencias con lo que dej\u00f3, pr\u00e1cticamente establecido y con identidad propia, Gustavo Alfaro.<\/p>\n<p>Las lesiones de Pervis Estupi\u00f1\u00e1n y Robert Arboleda, la no convocatoria de Javier Arreaga, Gonzalo Plata y Michael Estrada, autores de cinco de los seis goles del anterior enfrentamiento contra los colombianos en Quito, deja pr\u00e1cticamente sin referencia con relaci\u00f3n al equipo que S\u00e1nchez presentar\u00e1 el pr\u00f3ximo martes. EFE<\/p>\n","protected":false},"excerpt":{"rendered":"<p>La selecci\u00f3n de Ecuador entren\u00f3 este domingo a puerta cerrada para avanzar en la f\u00f3rmula con la que intentar\u00e1 imponerse a Colombia, el pr\u00f3ximo martes, por la cuarta fecha de las eliminatorias sudamericanas del Mundial 2026.<\/p>\n","protected":false},"author":2,"featured_media":13311,"comment_status":"open","ping_status":"open","sticky":false,"template":"","format":"standard","meta":{"_et_pb_use_builder":"","_et_pb_old_content":"","_et_gb_content_width":"","footnotes":""},"categories":[18],"tags":[22,1118],"class_list":["post-13310","post","type-post","status-publish","format-standard","has-post-thumbnail","hentry","category-golazo","tag-chasqui-deportivo","tag-ecuador-afina-estrategia-a-puerta-cerrada"],"yoast_head":"<!-- This site is optimized with the Yoast SEO plugin v27.4 - https:\/\/yoast.com\/product\/yoast-seo-wordpress\/ -->\n<title>La selecci\u00f3n de Ecuador entrena a puerta cerrada para recibir a la de Colombia - ChasquiDeportivo<\/title>\n<meta name=\"description\" content=\"Chasqui Deportivo | Informaci\u00f3n y comunicaci\u00f3n, reportajes, noticias, entrevistas en el \u00e1rea del deporte local, nacional.\" \/>\n<meta name=\"robots\" content=\"index, follow, max-snippet:-1, max-image-preview:large, max-video-preview:-1\" \/>\n<link rel=\"canonical\" href=\"https:\/\/chasquideportivo.com\/ecrt\/la-seleccion-de-ecuador-entrena-a-puerta-cerrada-para-recibir-a-la-de-colombia\/\" \/>\n<meta property=\"og:locale\" content=\"es_ES\" \/>\n<meta property=\"og:type\" content=\"article\" \/>\n<meta property=\"og:title\" content=\"La selecci\u00f3n de Ecuador entrena a puerta cerrada para recibir a la de Colombia - ChasquiDeportivo\" \/>\n<meta property=\"og:description\" content=\"Chasqui Deportivo | Informaci\u00f3n y comunicaci\u00f3n, reportajes, noticias, entrevistas en el \u00e1rea del deporte local, nacional.\" \/>\n<meta property=\"og:url\" content=\"https:\/\/chasquideportivo.com\/ecrt\/la-seleccion-de-ecuador-entrena-a-puerta-cerrada-para-recibir-a-la-de-colombia\/\" \/>\n<meta property=\"og:site_name\" content=\"ChasquiDeportivo\" \/>\n<meta property=\"article:publisher\" content=\"https:\/\/www.facebook.com\/chasquideportivo\" \/>\n<meta property=\"article:published_time\" content=\"2023-10-16T14:08:19+00:00\" \/>\n<meta property=\"og:image\" content=\"https:\/\/chasquideportivo.com\/ecrt\/wp-content\/uploads\/2023\/10\/DT-Felix.jpg\" \/>\n\t<meta property=\"og:image:width\" content=\"1000\" \/>\n\t<meta property=\"og:image:height\" content=\"937\" \/>\n\t<meta property=\"og:image:type\" content=\"image\/jpeg\" \/>\n<meta name=\"author\" content=\"Redacci\u00f3n Chasqui Deportivo\" \/>\n<meta name=\"twitter:card\" content=\"summary_large_image\" \/>\n<meta name=\"twitter:creator\" content=\"@chasquidep\" \/>\n<meta name=\"twitter:site\" content=\"@chasquidep\" \/>\n<meta name=\"twitter:label1\" content=\"Escrito por\" \/>\n\t<meta name=\"twitter:data1\" content=\"Redacci\u00f3n Chasqui Deportivo\" \/>\n\t<meta name=\"twitter:label2\" content=\"Tiempo de lectura\" \/>\n\t<meta name=\"twitter:data2\" content=\"3 minutos\" \/>\n<script type=\"application\/ld+json\" class=\"yoast-schema-graph\">{\"@context\":\"https:\\\/\\\/schema.org\",\"@graph\":[{\"@type\":\"Article\",\"@id\":\"https:\\\/\\\/chasquideportivo.com\\\/ecrt\\\/la-seleccion-de-ecuador-entrena-a-puerta-cerrada-para-recibir-a-la-de-colombia\\\/#article\",\"isPartOf\":{\"@id\":\"https:\\\/\\\/chasquideportivo.com\\\/ecrt\\\/la-seleccion-de-ecuador-entrena-a-puerta-cerrada-para-recibir-a-la-de-colombia\\\/\"},\"author\":{\"name\":\"Redacci\u00f3n Chasqui Deportivo\",\"@id\":\"https:\\\/\\\/chasquideportivo.com\\\/ecrt\\\/#\\\/schema\\\/person\\\/33917d530026e458779161ba37af0135\"},\"headline\":\"La selecci\u00f3n de Ecuador entrena a puerta cerrada para recibir a la de Colombia\",\"datePublished\":\"2023-10-16T14:08:19+00:00\",\"mainEntityOfPage\":{\"@id\":\"https:\\\/\\\/chasquideportivo.com\\\/ecrt\\\/la-seleccion-de-ecuador-entrena-a-puerta-cerrada-para-recibir-a-la-de-colombia\\\/\"},\"wordCount\":470,\"commentCount\":0,\"publisher\":{\"@id\":\"https:\\\/\\\/chasquideportivo.com\\\/ecrt\\\/#organization\"},\"image\":{\"@id\":\"https:\\\/\\\/chasquideportivo.com\\\/ecrt\\\/la-seleccion-de-ecuador-entrena-a-puerta-cerrada-para-recibir-a-la-de-colombia\\\/#primaryimage\"},\"thumbnailUrl\":\"https:\\\/\\\/chasquideportivo.com\\\/ecrt\\\/wp-content\\\/uploads\\\/2023\\\/10\\\/DT-Felix.jpg\",\"keywords\":[\"chasqui deportivo\",\"Ecuador afina estrateg\u00eda a puerta cerrada\"],\"articleSection\":[\"Golazo\"],\"inLanguage\":\"es\",\"potentialAction\":[{\"@type\":\"CommentAction\",\"name\":\"Comment\",\"target\":[\"https:\\\/\\\/chasquideportivo.com\\\/ecrt\\\/la-seleccion-de-ecuador-entrena-a-puerta-cerrada-para-recibir-a-la-de-colombia\\\/#respond\"]}]},{\"@type\":\"WebPage\",\"@id\":\"https:\\\/\\\/chasquideportivo.com\\\/ecrt\\\/la-seleccion-de-ecuador-entrena-a-puerta-cerrada-para-recibir-a-la-de-colombia\\\/\",\"url\":\"https:\\\/\\\/chasquideportivo.com\\\/ecrt\\\/la-seleccion-de-ecuador-entrena-a-puerta-cerrada-para-recibir-a-la-de-colombia\\\/\",\"name\":\"La selecci\u00f3n de Ecuador entrena a puerta cerrada para recibir a la de Colombia - ChasquiDeportivo\",\"isPartOf\":{\"@id\":\"https:\\\/\\\/chasquideportivo.com\\\/ecrt\\\/#website\"},\"primaryImageOfPage\":{\"@id\":\"https:\\\/\\\/chasquideportivo.com\\\/ecrt\\\/la-seleccion-de-ecuador-entrena-a-puerta-cerrada-para-recibir-a-la-de-colombia\\\/#primaryimage\"},\"image\":{\"@id\":\"https:\\\/\\\/chasquideportivo.com\\\/ecrt\\\/la-seleccion-de-ecuador-entrena-a-puerta-cerrada-para-recibir-a-la-de-colombia\\\/#primaryimage\"},\"thumbnailUrl\":\"https:\\\/\\\/chasquideportivo.com\\\/ecrt\\\/wp-content\\\/uploads\\\/2023\\\/10\\\/DT-Felix.jpg\",\"datePublished\":\"2023-10-16T14:08:19+00:00\",\"description\":\"Chasqui Deportivo | Informaci\u00f3n y comunicaci\u00f3n, reportajes, noticias, entrevistas en el \u00e1rea del deporte local, nacional.\",\"breadcrumb\":{\"@id\":\"https:\\\/\\\/chasquideportivo.com\\\/ecrt\\\/la-seleccion-de-ecuador-entrena-a-puerta-cerrada-para-recibir-a-la-de-colombia\\\/#breadcrumb\"},\"inLanguage\":\"es\",\"potentialAction\":[{\"@type\":\"ReadAction\",\"target\":[\"https:\\\/\\\/chasquideportivo.com\\\/ecrt\\\/la-seleccion-de-ecuador-entrena-a-puerta-cerrada-para-recibir-a-la-de-colombia\\\/\"]}]},{\"@type\":\"ImageObject\",\"inLanguage\":\"es\",\"@id\":\"https:\\\/\\\/chasquideportivo.com\\\/ecrt\\\/la-seleccion-de-ecuador-entrena-a-puerta-cerrada-para-recibir-a-la-de-colombia\\\/#primaryimage\",\"url\":\"https:\\\/\\\/chasquideportivo.com\\\/ecrt\\\/wp-content\\\/uploads\\\/2023\\\/10\\\/DT-Felix.jpg\",\"contentUrl\":\"https:\\\/\\\/chasquideportivo.com\\\/ecrt\\\/wp-content\\\/uploads\\\/2023\\\/10\\\/DT-Felix.jpg\",\"width\":1000,\"height\":937},{\"@type\":\"BreadcrumbList\",\"@id\":\"https:\\\/\\\/chasquideportivo.com\\\/ecrt\\\/la-seleccion-de-ecuador-entrena-a-puerta-cerrada-para-recibir-a-la-de-colombia\\\/#breadcrumb\",\"itemListElement\":[{\"@type\":\"ListItem\",\"position\":1,\"name\":\"Portada | Chasqui Deportivo\",\"item\":\"https:\\\/\\\/chasquideportivo.com\\\/ecrt\\\/\"},{\"@type\":\"ListItem\",\"position\":2,\"name\":\"Archivo\",\"item\":\"https:\\\/\\\/chasquideportivo.com\\\/ecrt\\\/category\\\/archivo\\\/\"},{\"@type\":\"ListItem\",\"position\":3,\"name\":\"Golazo\",\"item\":\"https:\\\/\\\/chasquideportivo.com\\\/ecrt\\\/category\\\/archivo\\\/golazo\\\/\"},{\"@type\":\"ListItem\",\"position\":4,\"name\":\"La selecci\u00f3n de Ecuador entrena a puerta cerrada para recibir a la de Colombia\"}]},{\"@type\":\"WebSite\",\"@id\":\"https:\\\/\\\/chasquideportivo.com\\\/ecrt\\\/#website\",\"url\":\"https:\\\/\\\/chasquideportivo.com\\\/ecrt\\\/\",\"name\":\"ChasquiDeportivo\",\"description\":\"Informaci&oacute;n y comunicaci&oacute;n, reportajes, noticias, entrevistas en el &aacute;rea del deporte local, nacional.\",\"publisher\":{\"@id\":\"https:\\\/\\\/chasquideportivo.com\\\/ecrt\\\/#organization\"},\"potentialAction\":[{\"@type\":\"SearchAction\",\"target\":{\"@type\":\"EntryPoint\",\"urlTemplate\":\"https:\\\/\\\/chasquideportivo.com\\\/ecrt\\\/?s={search_term_string}\"},\"query-input\":{\"@type\":\"PropertyValueSpecification\",\"valueRequired\":true,\"valueName\":\"search_term_string\"}}],\"inLanguage\":\"es\"},{\"@type\":\"Organization\",\"@id\":\"https:\\\/\\\/chasquideportivo.com\\\/ecrt\\\/#organization\",\"name\":\"Chasqui Deportivo\",\"url\":\"https:\\\/\\\/chasquideportivo.com\\\/ecrt\\\/\",\"logo\":{\"@type\":\"ImageObject\",\"inLanguage\":\"es\",\"@id\":\"https:\\\/\\\/chasquideportivo.com\\\/ecrt\\\/#\\\/schema\\\/logo\\\/image\\\/\",\"url\":\"https:\\\/\\\/chasquideportivo.com\\\/ecrt\\\/wp-content\\\/uploads\\\/2022\\\/01\\\/logo-vertical.jpg\",\"contentUrl\":\"https:\\\/\\\/chasquideportivo.com\\\/ecrt\\\/wp-content\\\/uploads\\\/2022\\\/01\\\/logo-vertical.jpg\",\"width\":612,\"height\":750,\"caption\":\"Chasqui Deportivo\"},\"image\":{\"@id\":\"https:\\\/\\\/chasquideportivo.com\\\/ecrt\\\/#\\\/schema\\\/logo\\\/image\\\/\"},\"sameAs\":[\"https:\\\/\\\/www.facebook.com\\\/chasquideportivo\",\"https:\\\/\\\/x.com\\\/chasquidep\",\"https:\\\/\\\/www.instagram.com\\\/chasquideportivo.ec\",\"https:\\\/\\\/www.youtube.com\\\/channel\\\/UCGY8M-csHuxJuGRt4XrV90Q\"]},{\"@type\":\"Person\",\"@id\":\"https:\\\/\\\/chasquideportivo.com\\\/ecrt\\\/#\\\/schema\\\/person\\\/33917d530026e458779161ba37af0135\",\"name\":\"Redacci\u00f3n Chasqui Deportivo\",\"image\":{\"@type\":\"ImageObject\",\"inLanguage\":\"es\",\"@id\":\"https:\\\/\\\/secure.gravatar.com\\\/avatar\\\/7eb0ecd9938a9f50328ab097af6f56b5e3a84cecb09256bdb75ac402bc1d935b?s=96&d=mm&r=g\",\"url\":\"https:\\\/\\\/secure.gravatar.com\\\/avatar\\\/7eb0ecd9938a9f50328ab097af6f56b5e3a84cecb09256bdb75ac402bc1d935b?s=96&d=mm&r=g\",\"contentUrl\":\"https:\\\/\\\/secure.gravatar.com\\\/avatar\\\/7eb0ecd9938a9f50328ab097af6f56b5e3a84cecb09256bdb75ac402bc1d935b?s=96&d=mm&r=g\",\"caption\":\"Redacci\u00f3n Chasqui Deportivo\"},\"sameAs\":[\"http:\\\/\\\/www.chasquideportivo.com\\\/ecrt\"],\"url\":\"https:\\\/\\\/chasquideportivo.com\\\/ecrt\\\/author\\\/cachito\\\/\"}]}<\/script>\n<!-- \/ Yoast SEO plugin. -->","yoast_head_json":{"title":"La selecci\u00f3n de Ecuador entrena a puerta cerrada para recibir a la de Colombia - ChasquiDeportivo","description":"Chasqui Deportivo | Informaci\u00f3n y comunicaci\u00f3n, reportajes, noticias, entrevistas en el \u00e1rea del deporte local, nacional.","robots":{"index":"index","follow":"follow","max-snippet":"max-snippet:-1","max-image-preview":"max-image-preview:large","max-video-preview":"max-video-preview:-1"},"canonical":"https:\/\/chasquideportivo.com\/ecrt\/la-seleccion-de-ecuador-entrena-a-puerta-cerrada-para-recibir-a-la-de-colombia\/","og_locale":"es_ES","og_type":"article","og_title":"La selecci\u00f3n de Ecuador entrena a puerta cerrada para recibir a la de Colombia - ChasquiDeportivo","og_description":"Chasqui Deportivo | Informaci\u00f3n y comunicaci\u00f3n, reportajes, noticias, entrevistas en el \u00e1rea del deporte local, nacional.","og_url":"https:\/\/chasquideportivo.com\/ecrt\/la-seleccion-de-ecuador-entrena-a-puerta-cerrada-para-recibir-a-la-de-colombia\/","og_site_name":"ChasquiDeportivo","article_publisher":"https:\/\/www.facebook.com\/chasquideportivo","article_published_time":"2023-10-16T14:08:19+00:00","og_image":[{"width":1000,"height":937,"url":"https:\/\/chasquideportivo.com\/ecrt\/wp-content\/uploads\/2023\/10\/DT-Felix.jpg","type":"image\/jpeg"}],"author":"Redacci\u00f3n Chasqui Deportivo","twitter_card":"summary_large_image","twitter_creator":"@chasquidep","twitter_site":"@chasquidep","twitter_misc":{"Escrito por":"Redacci\u00f3n Chasqui Deportivo","Tiempo de lectura":"3 minutos"},"schema":{"@context":"https:\/\/schema.org","@graph":[{"@type":"Article","@id":"https:\/\/chasquideportivo.com\/ecrt\/la-seleccion-de-ecuador-entrena-a-puerta-cerrada-para-recibir-a-la-de-colombia\/#article","isPartOf":{"@id":"https:\/\/chasquideportivo.com\/ecrt\/la-seleccion-de-ecuador-entrena-a-puerta-cerrada-para-recibir-a-la-de-colombia\/"},"author":{"name":"Redacci\u00f3n Chasqui Deportivo","@id":"https:\/\/chasquideportivo.com\/ecrt\/#\/schema\/person\/33917d530026e458779161ba37af0135"},"headline":"La selecci\u00f3n de Ecuador entrena a puerta cerrada para recibir a la de Colombia","datePublished":"2023-10-16T14:08:19+00:00","mainEntityOfPage":{"@id":"https:\/\/chasquideportivo.com\/ecrt\/la-seleccion-de-ecuador-entrena-a-puerta-cerrada-para-recibir-a-la-de-colombia\/"},"wordCount":470,"commentCount":0,"publisher":{"@id":"https:\/\/chasquideportivo.com\/ecrt\/#organization"},"image":{"@id":"https:\/\/chasquideportivo.com\/ecrt\/la-seleccion-de-ecuador-entrena-a-puerta-cerrada-para-recibir-a-la-de-colombia\/#primaryimage"},"thumbnailUrl":"https:\/\/chasquideportivo.com\/ecrt\/wp-content\/uploads\/2023\/10\/DT-Felix.jpg","keywords":["chasqui deportivo","Ecuador afina estrateg\u00eda a puerta cerrada"],"articleSection":["Golazo"],"inLanguage":"es","potentialAction":[{"@type":"CommentAction","name":"Comment","target":["https:\/\/chasquideportivo.com\/ecrt\/la-seleccion-de-ecuador-entrena-a-puerta-cerrada-para-recibir-a-la-de-colombia\/#respond"]}]},{"@type":"WebPage","@id":"https:\/\/chasquideportivo.com\/ecrt\/la-seleccion-de-ecuador-entrena-a-puerta-cerrada-para-recibir-a-la-de-colombia\/","url":"https:\/\/chasquideportivo.com\/ecrt\/la-seleccion-de-ecuador-entrena-a-puerta-cerrada-para-recibir-a-la-de-colombia\/","name":"La selecci\u00f3n de Ecuador entrena a puerta cerrada para recibir a la de Colombia - ChasquiDeportivo","isPartOf":{"@id":"https:\/\/chasquideportivo.com\/ecrt\/#website"},"primaryImageOfPage":{"@id":"https:\/\/chasquideportivo.com\/ecrt\/la-seleccion-de-ecuador-entrena-a-puerta-cerrada-para-recibir-a-la-de-colombia\/#primaryimage"},"image":{"@id":"https:\/\/chasquideportivo.com\/ecrt\/la-seleccion-de-ecuador-entrena-a-puerta-cerrada-para-recibir-a-la-de-colombia\/#primaryimage"},"thumbnailUrl":"https:\/\/chasquideportivo.com\/ecrt\/wp-content\/uploads\/2023\/10\/DT-Felix.jpg","datePublished":"2023-10-16T14:08:19+00:00","description":"Chasqui Deportivo | Informaci\u00f3n y comunicaci\u00f3n, reportajes, noticias, entrevistas en el \u00e1rea del deporte local, nacional.","breadcrumb":{"@id":"https:\/\/chasquideportivo.com\/ecrt\/la-seleccion-de-ecuador-entrena-a-puerta-cerrada-para-recibir-a-la-de-colombia\/#breadcrumb"},"inLanguage":"es","potentialAction":[{"@type":"ReadAction","target":["https:\/\/chasquideportivo.com\/ecrt\/la-seleccion-de-ecuador-entrena-a-puerta-cerrada-para-recibir-a-la-de-colombia\/"]}]},{"@type":"ImageObject","inLanguage":"es","@id":"https:\/\/chasquideportivo.com\/ecrt\/la-seleccion-de-ecuador-entrena-a-puerta-cerrada-para-recibir-a-la-de-colombia\/#primaryimage","url":"https:\/\/chasquideportivo.com\/ecrt\/wp-content\/uploads\/2023\/10\/DT-Felix.jpg","contentUrl":"https:\/\/chasquideportivo.com\/ecrt\/wp-content\/uploads\/2023\/10\/DT-Felix.jpg","width":1000,"height":937},{"@type":"BreadcrumbList","@id":"https:\/\/chasquideportivo.com\/ecrt\/la-seleccion-de-ecuador-entrena-a-puerta-cerrada-para-recibir-a-la-de-colombia\/#breadcrumb","itemListElement":[{"@type":"ListItem","position":1,"name":"Portada | Chasqui Deportivo","item":"https:\/\/chasquideportivo.com\/ecrt\/"},{"@type":"ListItem","position":2,"name":"Archivo","item":"https:\/\/chasquideportivo.com\/ecrt\/category\/archivo\/"},{"@type":"ListItem","position":3,"name":"Golazo","item":"https:\/\/chasquideportivo.com\/ecrt\/category\/archivo\/golazo\/"},{"@type":"ListItem","position":4,"name":"La selecci\u00f3n de Ecuador entrena a puerta cerrada para recibir a la de Colombia"}]},{"@type":"WebSite","@id":"https:\/\/chasquideportivo.com\/ecrt\/#website","url":"https:\/\/chasquideportivo.com\/ecrt\/","name":"ChasquiDeportivo","description":"Informaci&oacute;n y comunicaci&oacute;n, reportajes, noticias, entrevistas en el &aacute;rea del deporte local, nacional.","publisher":{"@id":"https:\/\/chasquideportivo.com\/ecrt\/#organization"},"potentialAction":[{"@type":"SearchAction","target":{"@type":"EntryPoint","urlTemplate":"https:\/\/chasquideportivo.com\/ecrt\/?s={search_term_string}"},"query-input":{"@type":"PropertyValueSpecification","valueRequired":true,"valueName":"search_term_string"}}],"inLanguage":"es"},{"@type":"Organization","@id":"https:\/\/chasquideportivo.com\/ecrt\/#organization","name":"Chasqui Deportivo","url":"https:\/\/chasquideportivo.com\/ecrt\/","logo":{"@type":"ImageObject","inLanguage":"es","@id":"https:\/\/chasquideportivo.com\/ecrt\/#\/schema\/logo\/image\/","url":"https:\/\/chasquideportivo.com\/ecrt\/wp-content\/uploads\/2022\/01\/logo-vertical.jpg","contentUrl":"https:\/\/chasquideportivo.com\/ecrt\/wp-content\/uploads\/2022\/01\/logo-vertical.jpg","width":612,"height":750,"caption":"Chasqui Deportivo"},"image":{"@id":"https:\/\/chasquideportivo.com\/ecrt\/#\/schema\/logo\/image\/"},"sameAs":["https:\/\/www.facebook.com\/chasquideportivo","https:\/\/x.com\/chasquidep","https:\/\/www.instagram.com\/chasquideportivo.ec","https:\/\/www.youtube.com\/channel\/UCGY8M-csHuxJuGRt4XrV90Q"]},{"@type":"Person","@id":"https:\/\/chasquideportivo.com\/ecrt\/#\/schema\/person\/33917d530026e458779161ba37af0135","name":"Redacci\u00f3n Chasqui Deportivo","image":{"@type":"ImageObject","inLanguage":"es","@id":"https:\/\/secure.gravatar.com\/avatar\/7eb0ecd9938a9f50328ab097af6f56b5e3a84cecb09256bdb75ac402bc1d935b?s=96&d=mm&r=g","url":"https:\/\/secure.gravatar.com\/avatar\/7eb0ecd9938a9f50328ab097af6f56b5e3a84cecb09256bdb75ac402bc1d935b?s=96&d=mm&r=g","contentUrl":"https:\/\/secure.gravatar.com\/avatar\/7eb0ecd9938a9f50328ab097af6f56b5e3a84cecb09256bdb75ac402bc1d935b?s=96&d=mm&r=g","caption":"Redacci\u00f3n Chasqui Deportivo"},"sameAs":["http:\/\/www.chasquideportivo.com\/ecrt"],"url":"https:\/\/chasquideportivo.com\/ecrt\/author\/cachito\/"}]}},"_links":{"self":[{"href":"https:\/\/chasquideportivo.com\/ecrt\/wp-json\/wp\/v2\/posts\/13310","targetHints":{"allow":["GET"]}}],"collection":[{"href":"https:\/\/chasquideportivo.com\/ecrt\/wp-json\/wp\/v2\/posts"}],"about":[{"href":"https:\/\/chasquideportivo.com\/ecrt\/wp-json\/wp\/v2\/types\/post"}],"author":[{"embeddable":true,"href":"https:\/\/chasquideportivo.com\/ecrt\/wp-json\/wp\/v2\/users\/2"}],"replies":[{"embeddable":true,"href":"https:\/\/chasquideportivo.com\/ecrt\/wp-json\/wp\/v2\/comments?post=13310"}],"version-history":[{"count":1,"href":"https:\/\/chasquideportivo.com\/ecrt\/wp-json\/wp\/v2\/posts\/13310\/revisions"}],"predecessor-version":[{"id":13312,"href":"https:\/\/chasquideportivo.com\/ecrt\/wp-json\/wp\/v2\/posts\/13310\/revisions\/13312"}],"wp:featuredmedia":[{"embeddable":true,"href":"https:\/\/chasquideportivo.com\/ecrt\/wp-json\/wp\/v2\/media\/13311"}],"wp:attachment":[{"href":"https:\/\/chasquideportivo.com\/ecrt\/wp-json\/wp\/v2\/media?parent=13310"}],"wp:term":[{"taxonomy":"category","embeddable":true,"href":"https:\/\/chasquideportivo.com\/ecrt\/wp-json\/wp\/v2\/categories?post=13310"},{"taxonomy":"post_tag","embeddable":true,"href":"https:\/\/chasquideportivo.com\/ecrt\/wp-json\/wp\/v2\/tags?post=13310"}],"curies":[{"name":"wp","href":"https:\/\/api.w.org\/{rel}","templated":true}]}}