{"id":13300,"date":"2023-10-12T13:16:58","date_gmt":"2023-10-12T13:16:58","guid":{"rendered":"https:\/\/chasquideportivo.com\/ecrt\/?p=13300"},"modified":"2023-10-12T13:16:58","modified_gmt":"2023-10-12T13:16:58","slug":"bolivia-quiere-enderezar-el-mal-inicio-en-las-eliminatorias-ante-ecuador","status":"publish","type":"post","link":"https:\/\/chasquideportivo.com\/ecrt\/bolivia-quiere-enderezar-el-mal-inicio-en-las-eliminatorias-ante-ecuador\/","title":{"rendered":"Bolivia quiere enderezar el mal inicio en las Eliminatorias ante Ecuador"},"content":{"rendered":"<p>Las selecciones nacionales tratar\u00e1n de enderezar su campa\u00f1a en las eliminatorias sudamericanas de clasificaci\u00f3n para el Mundial 2026 este jueves en el duelo que enfrentar\u00e1 a ambas en los 3.650 metros de altitud de La Paz.<!--more--><\/p>\n<p>Bolivia, al mando del entrenador argentino Gustavo Costas, comenz\u00f3 la competici\u00f3n con una derrota por 5-1 en su visita a Brasil y despu\u00e9s cay\u00f3 en casa 0-3 ante Argentina, con lo que se encendieron las alarmas en torno al rendimiento del equipo.<img loading=\"lazy\" decoding=\"async\" class=\"size-medium wp-image-13301 alignleft\" src=\"https:\/\/chasquideportivo.com\/ecrt\/wp-content\/uploads\/2023\/10\/estadio-300x152.jpg\" alt=\"\" width=\"300\" height=\"152\" \/><\/p>\n<p>&#8220;El pasado es pasado, tenemos que pensar en el presente (&#8230;) queremos darle una alegr\u00eda a la gente, a nuestra naci\u00f3n y a todos nosotros&#8221;, indic\u00f3 el defensa del Bol\u00edvar boliviano Jairo Quinteros.<\/p>\n<p>Costas ajust\u00f3 la estructura del equipo con el defensa Luis Haqu\u00edn, del Deportivo Cali colombiano, y el mediocampista Leonel Justiniano, del Bol\u00edvar, quienes se sumar\u00e1n al goleador hist\u00f3rico Marcelo Martins Moreno, del Independiente del Valle ecuatoriano.<\/p>\n<p>Un cambio obligado ser\u00e1 el del portero Carlos Lampe en vez de Guillermo Viscarra, quien se recupera de una lesi\u00f3n en un tobillo que sufri\u00f3 en un partido de su equipo el The Strongest el pasado domingo.<\/p>\n<p>La principal carta de Costas ser\u00e1 el mediocampista Henry Vaca, quien juega en el Maccabi Rnei Reineh de Israel, quien logr\u00f3 salir de ese pa\u00eds un d\u00eda despu\u00e9s de iniciarse el conflicto b\u00e9lico en Medio Oriente.<\/p>\n<p>En cambio, la selecci\u00f3n ecuatoriana dirigida por el espa\u00f1ol F\u00e9lix S\u00e1nchez sufrir\u00e1 las ausencias de los defensas Pervis Estupi\u00f1\u00e1n y Robert Arbolera, por problemas f\u00edsicos, adem\u00e1s del delantero Gonzalo Plata, quien qued\u00f3 fuera por decisi\u00f3n del entrenador.<\/p>\n<p>Una de las sorpresas en la convocatoria de la &#8216;Tri&#8217; es la citaci\u00f3n del mediocampista germano-ecuatoriano de 23 a\u00f1os John Yeboah Zamora, quien juega en el Rak\u00f3w Czestochowa polaco.<\/p>\n<p>Ecuador realiz\u00f3 este martes el primer entrenamiento con el equipo completo y para esta jornada se ha planificado una \u00faltima pr\u00e1ctica antes del viaje a La Paz.<\/p>\n<p>Ecuador comenz\u00f3 las eliminatorias con -3 puntos por la sanci\u00f3n del caso Byron Castillo y que actualmente est\u00e1 en cero tras caer por la m\u00ednima en su debut ante Argentina y ganar a Uruguay (2-1).<\/p>\n<p>&#8220;Sabemos que es un partido complicado. La idea es ir all\u00ed, sumar y traernos los tres puntos para tener ya un n\u00famero a favor&#8221;, declar\u00f3 el lateral Beder Caicedo.<\/p>\n<p>Bolivia y Ecuador se han enfrentado ocho veces en La Paz, con dos victorias para los bolivianos, dos empates y cuatro triunfos para los ecuatorianos.<\/p>\n<p>En la cuarta fecha de las eliminatorias suramericanas, Bolivia visitar\u00e1 a Paraguay, mientras que Ecuador enfrentar\u00e1 a Colombia.<\/p>\n<p>&#8211; Alineaciones probables:<\/p>\n<p>Bolivia: Carlos Lampe; Jairo Quinteros, Luis Haquin, Jes\u00fas Sagredo; Diego Medina, Rodrigo Ramallo, Leonel Justiniano, Ramiro Vaca, Carlos Roca; V\u00edctor Abrego y Marcelo Martins.<\/p>\n<p>Seleccionador: Gustavo Costas<\/p>\n<p>Ecuador: Hern\u00e1n Gal\u00edndez; Jos\u00e9 Andr\u00e9s Hurtado, Angelo Preciado, F\u00e9lix Torres, Willian Pacho; Kendry P\u00e1ez, Carlos Gruezo, Jos\u00e9 Cifuentes, Mois\u00e9s Caicedo; Jhojan Julio y Enner Valencia.<\/p>\n<p>Seleccionador: F\u00e9lix S\u00e1nchez.<\/p>\n<p>\u00c1rbitro: Cristian Garay (Chile)<\/p>\n<p>Hora: 19:00 hora local (23:00 GMT).<\/p>\n<p>Campo: Hernando Siles, en la ciudad boliviana de La Paz. EFE<\/p>\n","protected":false},"excerpt":{"rendered":"<p>Las selecciones nacionales tratar\u00e1n de enderezar su campa\u00f1a en las eliminatorias sudamericanas de clasificaci\u00f3n para el Mundial 2026 este jueves en el duelo que enfrentar\u00e1 a ambas en los 3.650 metros de altitud de La Paz.<\/p>\n","protected":false},"author":2,"featured_media":13301,"comment_status":"open","ping_status":"open","sticky":false,"template":"","format":"standard","meta":{"_et_pb_use_builder":"","_et_pb_old_content":"","_et_gb_content_width":"","footnotes":""},"categories":[18],"tags":[1115,22],"class_list":["post-13300","post","type-post","status-publish","format-standard","has-post-thumbnail","hentry","category-golazo","tag-bolivia-quiere-enderezar-el-mal-inicio-en-las-eliminatorias-ante-ecuador","tag-chasqui-deportivo"],"yoast_head":"<!-- This site is optimized with the Yoast SEO plugin v27.4 - https:\/\/yoast.com\/product\/yoast-seo-wordpress\/ -->\n<title>Bolivia quiere enderezar el mal inicio en las Eliminatorias ante Ecuador - ChasquiDeportivo<\/title>\n<meta name=\"description\" content=\"Chasqui Deportivo | Informaci\u00f3n y comunicaci\u00f3n, reportajes, noticias, entrevistas en el \u00e1rea del deporte local, nacional.\" \/>\n<meta name=\"robots\" content=\"index, follow, max-snippet:-1, max-image-preview:large, max-video-preview:-1\" \/>\n<link rel=\"canonical\" href=\"https:\/\/chasquideportivo.com\/ecrt\/bolivia-quiere-enderezar-el-mal-inicio-en-las-eliminatorias-ante-ecuador\/\" \/>\n<meta property=\"og:locale\" content=\"es_ES\" \/>\n<meta property=\"og:type\" content=\"article\" \/>\n<meta property=\"og:title\" content=\"Bolivia quiere enderezar el mal inicio en las Eliminatorias ante Ecuador - ChasquiDeportivo\" \/>\n<meta property=\"og:description\" content=\"Chasqui Deportivo | Informaci\u00f3n y comunicaci\u00f3n, reportajes, noticias, entrevistas en el \u00e1rea del deporte local, nacional.\" \/>\n<meta property=\"og:url\" content=\"https:\/\/chasquideportivo.com\/ecrt\/bolivia-quiere-enderezar-el-mal-inicio-en-las-eliminatorias-ante-ecuador\/\" \/>\n<meta property=\"og:site_name\" content=\"ChasquiDeportivo\" \/>\n<meta property=\"article:publisher\" content=\"https:\/\/www.facebook.com\/chasquideportivo\" \/>\n<meta property=\"article:published_time\" content=\"2023-10-12T13:16:58+00:00\" \/>\n<meta property=\"og:image\" content=\"https:\/\/chasquideportivo.com\/ecrt\/wp-content\/uploads\/2023\/10\/estadio.jpg\" \/>\n\t<meta property=\"og:image:width\" content=\"1000\" \/>\n\t<meta property=\"og:image:height\" content=\"507\" \/>\n\t<meta property=\"og:image:type\" content=\"image\/jpeg\" \/>\n<meta name=\"author\" content=\"Redacci\u00f3n Chasqui Deportivo\" \/>\n<meta name=\"twitter:card\" content=\"summary_large_image\" \/>\n<meta name=\"twitter:creator\" content=\"@chasquidep\" \/>\n<meta name=\"twitter:site\" content=\"@chasquidep\" \/>\n<meta name=\"twitter:label1\" content=\"Escrito por\" \/>\n\t<meta name=\"twitter:data1\" content=\"Redacci\u00f3n Chasqui Deportivo\" \/>\n\t<meta name=\"twitter:label2\" content=\"Tiempo de lectura\" \/>\n\t<meta name=\"twitter:data2\" content=\"3 minutos\" \/>\n<script type=\"application\/ld+json\" class=\"yoast-schema-graph\">{\"@context\":\"https:\\\/\\\/schema.org\",\"@graph\":[{\"@type\":\"Article\",\"@id\":\"https:\\\/\\\/chasquideportivo.com\\\/ecrt\\\/bolivia-quiere-enderezar-el-mal-inicio-en-las-eliminatorias-ante-ecuador\\\/#article\",\"isPartOf\":{\"@id\":\"https:\\\/\\\/chasquideportivo.com\\\/ecrt\\\/bolivia-quiere-enderezar-el-mal-inicio-en-las-eliminatorias-ante-ecuador\\\/\"},\"author\":{\"name\":\"Redacci\u00f3n Chasqui Deportivo\",\"@id\":\"https:\\\/\\\/chasquideportivo.com\\\/ecrt\\\/#\\\/schema\\\/person\\\/33917d530026e458779161ba37af0135\"},\"headline\":\"Bolivia quiere enderezar el mal inicio en las Eliminatorias ante Ecuador\",\"datePublished\":\"2023-10-12T13:16:58+00:00\",\"mainEntityOfPage\":{\"@id\":\"https:\\\/\\\/chasquideportivo.com\\\/ecrt\\\/bolivia-quiere-enderezar-el-mal-inicio-en-las-eliminatorias-ante-ecuador\\\/\"},\"wordCount\":546,\"commentCount\":0,\"publisher\":{\"@id\":\"https:\\\/\\\/chasquideportivo.com\\\/ecrt\\\/#organization\"},\"image\":{\"@id\":\"https:\\\/\\\/chasquideportivo.com\\\/ecrt\\\/bolivia-quiere-enderezar-el-mal-inicio-en-las-eliminatorias-ante-ecuador\\\/#primaryimage\"},\"thumbnailUrl\":\"https:\\\/\\\/chasquideportivo.com\\\/ecrt\\\/wp-content\\\/uploads\\\/2023\\\/10\\\/estadio.jpg\",\"keywords\":[\"Bolivia quiere enderezar el mal inicio en las Eliminatorias ante Ecuador\",\"chasqui deportivo\"],\"articleSection\":[\"Golazo\"],\"inLanguage\":\"es\",\"potentialAction\":[{\"@type\":\"CommentAction\",\"name\":\"Comment\",\"target\":[\"https:\\\/\\\/chasquideportivo.com\\\/ecrt\\\/bolivia-quiere-enderezar-el-mal-inicio-en-las-eliminatorias-ante-ecuador\\\/#respond\"]}]},{\"@type\":\"WebPage\",\"@id\":\"https:\\\/\\\/chasquideportivo.com\\\/ecrt\\\/bolivia-quiere-enderezar-el-mal-inicio-en-las-eliminatorias-ante-ecuador\\\/\",\"url\":\"https:\\\/\\\/chasquideportivo.com\\\/ecrt\\\/bolivia-quiere-enderezar-el-mal-inicio-en-las-eliminatorias-ante-ecuador\\\/\",\"name\":\"Bolivia quiere enderezar el mal inicio en las Eliminatorias ante Ecuador - ChasquiDeportivo\",\"isPartOf\":{\"@id\":\"https:\\\/\\\/chasquideportivo.com\\\/ecrt\\\/#website\"},\"primaryImageOfPage\":{\"@id\":\"https:\\\/\\\/chasquideportivo.com\\\/ecrt\\\/bolivia-quiere-enderezar-el-mal-inicio-en-las-eliminatorias-ante-ecuador\\\/#primaryimage\"},\"image\":{\"@id\":\"https:\\\/\\\/chasquideportivo.com\\\/ecrt\\\/bolivia-quiere-enderezar-el-mal-inicio-en-las-eliminatorias-ante-ecuador\\\/#primaryimage\"},\"thumbnailUrl\":\"https:\\\/\\\/chasquideportivo.com\\\/ecrt\\\/wp-content\\\/uploads\\\/2023\\\/10\\\/estadio.jpg\",\"datePublished\":\"2023-10-12T13:16:58+00:00\",\"description\":\"Chasqui Deportivo | Informaci\u00f3n y comunicaci\u00f3n, reportajes, noticias, entrevistas en el \u00e1rea del deporte local, nacional.\",\"breadcrumb\":{\"@id\":\"https:\\\/\\\/chasquideportivo.com\\\/ecrt\\\/bolivia-quiere-enderezar-el-mal-inicio-en-las-eliminatorias-ante-ecuador\\\/#breadcrumb\"},\"inLanguage\":\"es\",\"potentialAction\":[{\"@type\":\"ReadAction\",\"target\":[\"https:\\\/\\\/chasquideportivo.com\\\/ecrt\\\/bolivia-quiere-enderezar-el-mal-inicio-en-las-eliminatorias-ante-ecuador\\\/\"]}]},{\"@type\":\"ImageObject\",\"inLanguage\":\"es\",\"@id\":\"https:\\\/\\\/chasquideportivo.com\\\/ecrt\\\/bolivia-quiere-enderezar-el-mal-inicio-en-las-eliminatorias-ante-ecuador\\\/#primaryimage\",\"url\":\"https:\\\/\\\/chasquideportivo.com\\\/ecrt\\\/wp-content\\\/uploads\\\/2023\\\/10\\\/estadio.jpg\",\"contentUrl\":\"https:\\\/\\\/chasquideportivo.com\\\/ecrt\\\/wp-content\\\/uploads\\\/2023\\\/10\\\/estadio.jpg\",\"width\":1000,\"height\":507},{\"@type\":\"BreadcrumbList\",\"@id\":\"https:\\\/\\\/chasquideportivo.com\\\/ecrt\\\/bolivia-quiere-enderezar-el-mal-inicio-en-las-eliminatorias-ante-ecuador\\\/#breadcrumb\",\"itemListElement\":[{\"@type\":\"ListItem\",\"position\":1,\"name\":\"Portada | Chasqui Deportivo\",\"item\":\"https:\\\/\\\/chasquideportivo.com\\\/ecrt\\\/\"},{\"@type\":\"ListItem\",\"position\":2,\"name\":\"Archivo\",\"item\":\"https:\\\/\\\/chasquideportivo.com\\\/ecrt\\\/category\\\/archivo\\\/\"},{\"@type\":\"ListItem\",\"position\":3,\"name\":\"Golazo\",\"item\":\"https:\\\/\\\/chasquideportivo.com\\\/ecrt\\\/category\\\/archivo\\\/golazo\\\/\"},{\"@type\":\"ListItem\",\"position\":4,\"name\":\"Bolivia quiere enderezar el mal inicio en las Eliminatorias ante Ecuador\"}]},{\"@type\":\"WebSite\",\"@id\":\"https:\\\/\\\/chasquideportivo.com\\\/ecrt\\\/#website\",\"url\":\"https:\\\/\\\/chasquideportivo.com\\\/ecrt\\\/\",\"name\":\"ChasquiDeportivo\",\"description\":\"Informaci&oacute;n y comunicaci&oacute;n, reportajes, noticias, entrevistas en el &aacute;rea del deporte local, nacional.\",\"publisher\":{\"@id\":\"https:\\\/\\\/chasquideportivo.com\\\/ecrt\\\/#organization\"},\"potentialAction\":[{\"@type\":\"SearchAction\",\"target\":{\"@type\":\"EntryPoint\",\"urlTemplate\":\"https:\\\/\\\/chasquideportivo.com\\\/ecrt\\\/?s={search_term_string}\"},\"query-input\":{\"@type\":\"PropertyValueSpecification\",\"valueRequired\":true,\"valueName\":\"search_term_string\"}}],\"inLanguage\":\"es\"},{\"@type\":\"Organization\",\"@id\":\"https:\\\/\\\/chasquideportivo.com\\\/ecrt\\\/#organization\",\"name\":\"Chasqui Deportivo\",\"url\":\"https:\\\/\\\/chasquideportivo.com\\\/ecrt\\\/\",\"logo\":{\"@type\":\"ImageObject\",\"inLanguage\":\"es\",\"@id\":\"https:\\\/\\\/chasquideportivo.com\\\/ecrt\\\/#\\\/schema\\\/logo\\\/image\\\/\",\"url\":\"https:\\\/\\\/chasquideportivo.com\\\/ecrt\\\/wp-content\\\/uploads\\\/2022\\\/01\\\/logo-vertical.jpg\",\"contentUrl\":\"https:\\\/\\\/chasquideportivo.com\\\/ecrt\\\/wp-content\\\/uploads\\\/2022\\\/01\\\/logo-vertical.jpg\",\"width\":612,\"height\":750,\"caption\":\"Chasqui Deportivo\"},\"image\":{\"@id\":\"https:\\\/\\\/chasquideportivo.com\\\/ecrt\\\/#\\\/schema\\\/logo\\\/image\\\/\"},\"sameAs\":[\"https:\\\/\\\/www.facebook.com\\\/chasquideportivo\",\"https:\\\/\\\/x.com\\\/chasquidep\",\"https:\\\/\\\/www.instagram.com\\\/chasquideportivo.ec\",\"https:\\\/\\\/www.youtube.com\\\/channel\\\/UCGY8M-csHuxJuGRt4XrV90Q\"]},{\"@type\":\"Person\",\"@id\":\"https:\\\/\\\/chasquideportivo.com\\\/ecrt\\\/#\\\/schema\\\/person\\\/33917d530026e458779161ba37af0135\",\"name\":\"Redacci\u00f3n Chasqui Deportivo\",\"image\":{\"@type\":\"ImageObject\",\"inLanguage\":\"es\",\"@id\":\"https:\\\/\\\/secure.gravatar.com\\\/avatar\\\/7eb0ecd9938a9f50328ab097af6f56b5e3a84cecb09256bdb75ac402bc1d935b?s=96&d=mm&r=g\",\"url\":\"https:\\\/\\\/secure.gravatar.com\\\/avatar\\\/7eb0ecd9938a9f50328ab097af6f56b5e3a84cecb09256bdb75ac402bc1d935b?s=96&d=mm&r=g\",\"contentUrl\":\"https:\\\/\\\/secure.gravatar.com\\\/avatar\\\/7eb0ecd9938a9f50328ab097af6f56b5e3a84cecb09256bdb75ac402bc1d935b?s=96&d=mm&r=g\",\"caption\":\"Redacci\u00f3n Chasqui Deportivo\"},\"sameAs\":[\"http:\\\/\\\/www.chasquideportivo.com\\\/ecrt\"],\"url\":\"https:\\\/\\\/chasquideportivo.com\\\/ecrt\\\/author\\\/cachito\\\/\"}]}<\/script>\n<!-- \/ Yoast SEO plugin. -->","yoast_head_json":{"title":"Bolivia quiere enderezar el mal inicio en las Eliminatorias ante Ecuador - ChasquiDeportivo","description":"Chasqui Deportivo | Informaci\u00f3n y comunicaci\u00f3n, reportajes, noticias, entrevistas en el \u00e1rea del deporte local, nacional.","robots":{"index":"index","follow":"follow","max-snippet":"max-snippet:-1","max-image-preview":"max-image-preview:large","max-video-preview":"max-video-preview:-1"},"canonical":"https:\/\/chasquideportivo.com\/ecrt\/bolivia-quiere-enderezar-el-mal-inicio-en-las-eliminatorias-ante-ecuador\/","og_locale":"es_ES","og_type":"article","og_title":"Bolivia quiere enderezar el mal inicio en las Eliminatorias ante Ecuador - ChasquiDeportivo","og_description":"Chasqui Deportivo | Informaci\u00f3n y comunicaci\u00f3n, reportajes, noticias, entrevistas en el \u00e1rea del deporte local, nacional.","og_url":"https:\/\/chasquideportivo.com\/ecrt\/bolivia-quiere-enderezar-el-mal-inicio-en-las-eliminatorias-ante-ecuador\/","og_site_name":"ChasquiDeportivo","article_publisher":"https:\/\/www.facebook.com\/chasquideportivo","article_published_time":"2023-10-12T13:16:58+00:00","og_image":[{"width":1000,"height":507,"url":"https:\/\/chasquideportivo.com\/ecrt\/wp-content\/uploads\/2023\/10\/estadio.jpg","type":"image\/jpeg"}],"author":"Redacci\u00f3n Chasqui Deportivo","twitter_card":"summary_large_image","twitter_creator":"@chasquidep","twitter_site":"@chasquidep","twitter_misc":{"Escrito por":"Redacci\u00f3n Chasqui Deportivo","Tiempo de lectura":"3 minutos"},"schema":{"@context":"https:\/\/schema.org","@graph":[{"@type":"Article","@id":"https:\/\/chasquideportivo.com\/ecrt\/bolivia-quiere-enderezar-el-mal-inicio-en-las-eliminatorias-ante-ecuador\/#article","isPartOf":{"@id":"https:\/\/chasquideportivo.com\/ecrt\/bolivia-quiere-enderezar-el-mal-inicio-en-las-eliminatorias-ante-ecuador\/"},"author":{"name":"Redacci\u00f3n Chasqui Deportivo","@id":"https:\/\/chasquideportivo.com\/ecrt\/#\/schema\/person\/33917d530026e458779161ba37af0135"},"headline":"Bolivia quiere enderezar el mal inicio en las Eliminatorias ante Ecuador","datePublished":"2023-10-12T13:16:58+00:00","mainEntityOfPage":{"@id":"https:\/\/chasquideportivo.com\/ecrt\/bolivia-quiere-enderezar-el-mal-inicio-en-las-eliminatorias-ante-ecuador\/"},"wordCount":546,"commentCount":0,"publisher":{"@id":"https:\/\/chasquideportivo.com\/ecrt\/#organization"},"image":{"@id":"https:\/\/chasquideportivo.com\/ecrt\/bolivia-quiere-enderezar-el-mal-inicio-en-las-eliminatorias-ante-ecuador\/#primaryimage"},"thumbnailUrl":"https:\/\/chasquideportivo.com\/ecrt\/wp-content\/uploads\/2023\/10\/estadio.jpg","keywords":["Bolivia quiere enderezar el mal inicio en las Eliminatorias ante Ecuador","chasqui deportivo"],"articleSection":["Golazo"],"inLanguage":"es","potentialAction":[{"@type":"CommentAction","name":"Comment","target":["https:\/\/chasquideportivo.com\/ecrt\/bolivia-quiere-enderezar-el-mal-inicio-en-las-eliminatorias-ante-ecuador\/#respond"]}]},{"@type":"WebPage","@id":"https:\/\/chasquideportivo.com\/ecrt\/bolivia-quiere-enderezar-el-mal-inicio-en-las-eliminatorias-ante-ecuador\/","url":"https:\/\/chasquideportivo.com\/ecrt\/bolivia-quiere-enderezar-el-mal-inicio-en-las-eliminatorias-ante-ecuador\/","name":"Bolivia quiere enderezar el mal inicio en las Eliminatorias ante Ecuador - ChasquiDeportivo","isPartOf":{"@id":"https:\/\/chasquideportivo.com\/ecrt\/#website"},"primaryImageOfPage":{"@id":"https:\/\/chasquideportivo.com\/ecrt\/bolivia-quiere-enderezar-el-mal-inicio-en-las-eliminatorias-ante-ecuador\/#primaryimage"},"image":{"@id":"https:\/\/chasquideportivo.com\/ecrt\/bolivia-quiere-enderezar-el-mal-inicio-en-las-eliminatorias-ante-ecuador\/#primaryimage"},"thumbnailUrl":"https:\/\/chasquideportivo.com\/ecrt\/wp-content\/uploads\/2023\/10\/estadio.jpg","datePublished":"2023-10-12T13:16:58+00:00","description":"Chasqui Deportivo | Informaci\u00f3n y comunicaci\u00f3n, reportajes, noticias, entrevistas en el \u00e1rea del deporte local, nacional.","breadcrumb":{"@id":"https:\/\/chasquideportivo.com\/ecrt\/bolivia-quiere-enderezar-el-mal-inicio-en-las-eliminatorias-ante-ecuador\/#breadcrumb"},"inLanguage":"es","potentialAction":[{"@type":"ReadAction","target":["https:\/\/chasquideportivo.com\/ecrt\/bolivia-quiere-enderezar-el-mal-inicio-en-las-eliminatorias-ante-ecuador\/"]}]},{"@type":"ImageObject","inLanguage":"es","@id":"https:\/\/chasquideportivo.com\/ecrt\/bolivia-quiere-enderezar-el-mal-inicio-en-las-eliminatorias-ante-ecuador\/#primaryimage","url":"https:\/\/chasquideportivo.com\/ecrt\/wp-content\/uploads\/2023\/10\/estadio.jpg","contentUrl":"https:\/\/chasquideportivo.com\/ecrt\/wp-content\/uploads\/2023\/10\/estadio.jpg","width":1000,"height":507},{"@type":"BreadcrumbList","@id":"https:\/\/chasquideportivo.com\/ecrt\/bolivia-quiere-enderezar-el-mal-inicio-en-las-eliminatorias-ante-ecuador\/#breadcrumb","itemListElement":[{"@type":"ListItem","position":1,"name":"Portada | Chasqui Deportivo","item":"https:\/\/chasquideportivo.com\/ecrt\/"},{"@type":"ListItem","position":2,"name":"Archivo","item":"https:\/\/chasquideportivo.com\/ecrt\/category\/archivo\/"},{"@type":"ListItem","position":3,"name":"Golazo","item":"https:\/\/chasquideportivo.com\/ecrt\/category\/archivo\/golazo\/"},{"@type":"ListItem","position":4,"name":"Bolivia quiere enderezar el mal inicio en las Eliminatorias ante Ecuador"}]},{"@type":"WebSite","@id":"https:\/\/chasquideportivo.com\/ecrt\/#website","url":"https:\/\/chasquideportivo.com\/ecrt\/","name":"ChasquiDeportivo","description":"Informaci&oacute;n y comunicaci&oacute;n, reportajes, noticias, entrevistas en el &aacute;rea del deporte local, nacional.","publisher":{"@id":"https:\/\/chasquideportivo.com\/ecrt\/#organization"},"potentialAction":[{"@type":"SearchAction","target":{"@type":"EntryPoint","urlTemplate":"https:\/\/chasquideportivo.com\/ecrt\/?s={search_term_string}"},"query-input":{"@type":"PropertyValueSpecification","valueRequired":true,"valueName":"search_term_string"}}],"inLanguage":"es"},{"@type":"Organization","@id":"https:\/\/chasquideportivo.com\/ecrt\/#organization","name":"Chasqui Deportivo","url":"https:\/\/chasquideportivo.com\/ecrt\/","logo":{"@type":"ImageObject","inLanguage":"es","@id":"https:\/\/chasquideportivo.com\/ecrt\/#\/schema\/logo\/image\/","url":"https:\/\/chasquideportivo.com\/ecrt\/wp-content\/uploads\/2022\/01\/logo-vertical.jpg","contentUrl":"https:\/\/chasquideportivo.com\/ecrt\/wp-content\/uploads\/2022\/01\/logo-vertical.jpg","width":612,"height":750,"caption":"Chasqui Deportivo"},"image":{"@id":"https:\/\/chasquideportivo.com\/ecrt\/#\/schema\/logo\/image\/"},"sameAs":["https:\/\/www.facebook.com\/chasquideportivo","https:\/\/x.com\/chasquidep","https:\/\/www.instagram.com\/chasquideportivo.ec","https:\/\/www.youtube.com\/channel\/UCGY8M-csHuxJuGRt4XrV90Q"]},{"@type":"Person","@id":"https:\/\/chasquideportivo.com\/ecrt\/#\/schema\/person\/33917d530026e458779161ba37af0135","name":"Redacci\u00f3n Chasqui Deportivo","image":{"@type":"ImageObject","inLanguage":"es","@id":"https:\/\/secure.gravatar.com\/avatar\/7eb0ecd9938a9f50328ab097af6f56b5e3a84cecb09256bdb75ac402bc1d935b?s=96&d=mm&r=g","url":"https:\/\/secure.gravatar.com\/avatar\/7eb0ecd9938a9f50328ab097af6f56b5e3a84cecb09256bdb75ac402bc1d935b?s=96&d=mm&r=g","contentUrl":"https:\/\/secure.gravatar.com\/avatar\/7eb0ecd9938a9f50328ab097af6f56b5e3a84cecb09256bdb75ac402bc1d935b?s=96&d=mm&r=g","caption":"Redacci\u00f3n Chasqui Deportivo"},"sameAs":["http:\/\/www.chasquideportivo.com\/ecrt"],"url":"https:\/\/chasquideportivo.com\/ecrt\/author\/cachito\/"}]}},"_links":{"self":[{"href":"https:\/\/chasquideportivo.com\/ecrt\/wp-json\/wp\/v2\/posts\/13300","targetHints":{"allow":["GET"]}}],"collection":[{"href":"https:\/\/chasquideportivo.com\/ecrt\/wp-json\/wp\/v2\/posts"}],"about":[{"href":"https:\/\/chasquideportivo.com\/ecrt\/wp-json\/wp\/v2\/types\/post"}],"author":[{"embeddable":true,"href":"https:\/\/chasquideportivo.com\/ecrt\/wp-json\/wp\/v2\/users\/2"}],"replies":[{"embeddable":true,"href":"https:\/\/chasquideportivo.com\/ecrt\/wp-json\/wp\/v2\/comments?post=13300"}],"version-history":[{"count":1,"href":"https:\/\/chasquideportivo.com\/ecrt\/wp-json\/wp\/v2\/posts\/13300\/revisions"}],"predecessor-version":[{"id":13302,"href":"https:\/\/chasquideportivo.com\/ecrt\/wp-json\/wp\/v2\/posts\/13300\/revisions\/13302"}],"wp:featuredmedia":[{"embeddable":true,"href":"https:\/\/chasquideportivo.com\/ecrt\/wp-json\/wp\/v2\/media\/13301"}],"wp:attachment":[{"href":"https:\/\/chasquideportivo.com\/ecrt\/wp-json\/wp\/v2\/media?parent=13300"}],"wp:term":[{"taxonomy":"category","embeddable":true,"href":"https:\/\/chasquideportivo.com\/ecrt\/wp-json\/wp\/v2\/categories?post=13300"},{"taxonomy":"post_tag","embeddable":true,"href":"https:\/\/chasquideportivo.com\/ecrt\/wp-json\/wp\/v2\/tags?post=13300"}],"curies":[{"name":"wp","href":"https:\/\/api.w.org\/{rel}","templated":true}]}}