{"id":13292,"date":"2023-10-10T23:57:13","date_gmt":"2023-10-10T23:57:13","guid":{"rendered":"https:\/\/chasquideportivo.com\/ecrt\/?p=13292"},"modified":"2023-10-10T23:57:13","modified_gmt":"2023-10-10T23:57:13","slug":"goles-para-todos-los-gustos-y-sabores-en-la-segunda-fecha-del-futbol-provincial","status":"publish","type":"post","link":"https:\/\/chasquideportivo.com\/ecrt\/goles-para-todos-los-gustos-y-sabores-en-la-segunda-fecha-del-futbol-provincial\/","title":{"rendered":"Goles para todos los gustos y sabores en la segunda fecha del f\u00fatbol provincial"},"content":{"rendered":"<p>Juventus (San Roque), Nantez\u00a0 (Asoligas)\u00a0 y S\u00faper Manabas (UDLI)\u00a0 golearon en la segunda fecha del torneo provincial de f\u00fatbol que organiza la Federaci\u00f3n Provincial de Ligas Deportivas Barriales y Parroquiales de Pichincha, Fedebyp.<!--more--><\/p>\n<p>En la segunda \u00a0jornada se marc\u00f3 52 goles en la categor\u00eda s\u00e9nior, mientras que en el m\u00e1ster\u00a0 se convirtieron 38 anotaciones. Las ligas, Camino a la Libertad, Vencedores de Tarqui y Carcel\u00e9n fueron las m\u00e1s efectivas en esta jornada.<img loading=\"lazy\" decoding=\"async\" class=\"size-medium wp-image-13293 alignleft\" src=\"https:\/\/chasquideportivo.com\/ecrt\/wp-content\/uploads\/2023\/10\/IMG_3096-300x256.jpg\" alt=\"\" width=\"300\" height=\"256\" \/><\/p>\n<p>El s\u00e1bado 7 se jug\u00f3 la segunda fecha en la cancha de las ligas: Carcel\u00e9n, Ciudadela El Ejercito y Camino a La Libertad.<\/p>\n<p>Resultados s\u00e1bado 7 s\u00e9nior \u00a02da F.<\/p>\n<table>\n<tbody>\n<tr>\n<td width=\"123\">Juventus<\/td>\n<td width=\"76\">5-3<\/td>\n<td width=\"142\">Rio Saloya<\/td>\n<\/tr>\n<tr>\n<td width=\"123\">Nantez<\/td>\n<td width=\"76\">8-2<\/td>\n<td width=\"142\">Trainera<\/td>\n<\/tr>\n<tr>\n<td width=\"123\">Salinas<\/td>\n<td width=\"76\">2-2<\/td>\n<td width=\"142\">Real Madrid<\/td>\n<\/tr>\n<tr>\n<td width=\"123\">Los Pumas<\/td>\n<td width=\"76\">2-4<\/td>\n<td width=\"142\">Olimpia<\/td>\n<\/tr>\n<tr>\n<td width=\"123\">Brasil<\/td>\n<td width=\"76\">1-0<\/td>\n<td width=\"142\">Chantil\u00edn G.<\/td>\n<\/tr>\n<tr>\n<td width=\"123\">Nacional<\/td>\n<td width=\"76\">2-8<\/td>\n<td width=\"142\">S\u00faper Manabas x<\/td>\n<\/tr>\n<\/tbody>\n<\/table>\n<p>&nbsp;<\/p>\n<p>Resultados s\u00e1bado 7 \u00a0s\u00e9nior \u00a02da F.<\/p>\n<p>&nbsp;<\/p>\n<table>\n<tbody>\n<tr>\n<td width=\"123\">Juventud Cat\u00f3lica<\/td>\n<td width=\"76\">2-3<\/td>\n<td width=\"142\">San Pancracio<\/td>\n<\/tr>\n<tr>\n<td width=\"123\">At. Estudiantil<\/td>\n<td width=\"76\">4 -4<\/td>\n<td width=\"142\">Rubin Kazan<\/td>\n<\/tr>\n<tr>\n<td width=\"123\">&nbsp;<\/td>\n<td width=\"76\">&nbsp;<\/td>\n<td width=\"142\">&nbsp;<\/td>\n<\/tr>\n<\/tbody>\n<\/table>\n<p>&nbsp;<\/p>\n<p>Resultados categor\u00eda m\u00e1s ter \u00a02da F.<\/p>\n<table>\n<tbody>\n<tr>\n<td width=\"123\">Carcel\u00e9n<\/td>\n<td width=\"76\">4-1<\/td>\n<td width=\"142\">Los Troncos<\/td>\n<\/tr>\n<tr>\n<td width=\"123\">Bellavista C. 8<\/td>\n<td width=\"76\">3-3<\/td>\n<td width=\"142\">Racing<\/td>\n<\/tr>\n<tr>\n<td width=\"123\">Uni\u00f3n<\/td>\n<td width=\"76\">2-3<\/td>\n<td width=\"142\">Los Angeles<\/td>\n<\/tr>\n<tr>\n<td width=\"123\">Vencedores de T.<\/td>\n<td width=\"76\">5- 1<\/td>\n<td width=\"142\">Bernabe de Larraul<\/td>\n<\/tr>\n<tr>\n<td width=\"123\">La Paz<\/td>\n<td width=\"76\">1-9<\/td>\n<td width=\"142\">Camino a la Libertad<\/td>\n<\/tr>\n<tr>\n<td width=\"123\">At. Andoas<\/td>\n<td width=\"76\">3-3<\/td>\n<td width=\"142\">San Roque<\/td>\n<\/tr>\n<tr>\n<td width=\"123\">&nbsp;<\/td>\n<td width=\"76\">&nbsp;<\/td>\n<td width=\"142\">&nbsp;<\/td>\n<\/tr>\n<\/tbody>\n<\/table>\n<p>&nbsp;<\/p>\n","protected":false},"excerpt":{"rendered":"<p>Juventus (San Roque), Nantez\u00a0 (Asoligas)\u00a0 y S\u00faper Manabas (UDLI)\u00a0 golearon en la segunda fecha del torneo provincial de f\u00fatbol que organiza la Federaci\u00f3n Provincial de Ligas Deportivas Barriales y Parroquiales de Pichincha, Fedebyp.<\/p>\n","protected":false},"author":2,"featured_media":13293,"comment_status":"open","ping_status":"open","sticky":false,"template":"","format":"standard","meta":{"_et_pb_use_builder":"","_et_pb_old_content":"","_et_gb_content_width":"","footnotes":""},"categories":[56],"tags":[22,1113],"class_list":["post-13292","post","type-post","status-publish","format-standard","has-post-thumbnail","hentry","category-chasqui-barrial-2","tag-chasqui-deportivo","tag-goles-para-todos-los-gustos-y-sabores-en-la-segunda-fecha-del-futbol-provincial"],"yoast_head":"<!-- This site is optimized with the Yoast SEO plugin v27.4 - https:\/\/yoast.com\/product\/yoast-seo-wordpress\/ -->\n<title>Goles para todos los gustos y sabores en la segunda fecha del f\u00fatbol provincial - ChasquiDeportivo<\/title>\n<meta name=\"description\" content=\"Chasqui Deportivo | Informaci\u00f3n y comunicaci\u00f3n, reportajes, noticias, entrevistas en el \u00e1rea del deporte local, nacional.\" \/>\n<meta name=\"robots\" content=\"index, follow, max-snippet:-1, max-image-preview:large, max-video-preview:-1\" \/>\n<link rel=\"canonical\" href=\"https:\/\/chasquideportivo.com\/ecrt\/goles-para-todos-los-gustos-y-sabores-en-la-segunda-fecha-del-futbol-provincial\/\" \/>\n<meta property=\"og:locale\" content=\"es_ES\" \/>\n<meta property=\"og:type\" content=\"article\" \/>\n<meta property=\"og:title\" content=\"Goles para todos los gustos y sabores en la segunda fecha del f\u00fatbol provincial - ChasquiDeportivo\" \/>\n<meta property=\"og:description\" content=\"Chasqui Deportivo | Informaci\u00f3n y comunicaci\u00f3n, reportajes, noticias, entrevistas en el \u00e1rea del deporte local, nacional.\" \/>\n<meta property=\"og:url\" content=\"https:\/\/chasquideportivo.com\/ecrt\/goles-para-todos-los-gustos-y-sabores-en-la-segunda-fecha-del-futbol-provincial\/\" \/>\n<meta property=\"og:site_name\" content=\"ChasquiDeportivo\" \/>\n<meta property=\"article:publisher\" content=\"https:\/\/www.facebook.com\/chasquideportivo\" \/>\n<meta property=\"article:published_time\" content=\"2023-10-10T23:57:13+00:00\" \/>\n<meta property=\"og:image\" content=\"https:\/\/chasquideportivo.com\/ecrt\/wp-content\/uploads\/2023\/10\/IMG_3096.jpg\" \/>\n\t<meta property=\"og:image:width\" content=\"1000\" \/>\n\t<meta property=\"og:image:height\" content=\"853\" \/>\n\t<meta property=\"og:image:type\" content=\"image\/jpeg\" \/>\n<meta name=\"author\" content=\"Redacci\u00f3n Chasqui Deportivo\" \/>\n<meta name=\"twitter:card\" content=\"summary_large_image\" \/>\n<meta name=\"twitter:creator\" content=\"@chasquidep\" \/>\n<meta name=\"twitter:site\" content=\"@chasquidep\" \/>\n<meta name=\"twitter:label1\" content=\"Escrito por\" \/>\n\t<meta name=\"twitter:data1\" content=\"Redacci\u00f3n Chasqui Deportivo\" \/>\n\t<meta name=\"twitter:label2\" content=\"Tiempo de lectura\" \/>\n\t<meta name=\"twitter:data2\" content=\"2 minutos\" \/>\n<script type=\"application\/ld+json\" class=\"yoast-schema-graph\">{\"@context\":\"https:\\\/\\\/schema.org\",\"@graph\":[{\"@type\":\"Article\",\"@id\":\"https:\\\/\\\/chasquideportivo.com\\\/ecrt\\\/goles-para-todos-los-gustos-y-sabores-en-la-segunda-fecha-del-futbol-provincial\\\/#article\",\"isPartOf\":{\"@id\":\"https:\\\/\\\/chasquideportivo.com\\\/ecrt\\\/goles-para-todos-los-gustos-y-sabores-en-la-segunda-fecha-del-futbol-provincial\\\/\"},\"author\":{\"name\":\"Redacci\u00f3n Chasqui Deportivo\",\"@id\":\"https:\\\/\\\/chasquideportivo.com\\\/ecrt\\\/#\\\/schema\\\/person\\\/33917d530026e458779161ba37af0135\"},\"headline\":\"Goles para todos los gustos y sabores en la segunda fecha del f\u00fatbol provincial\",\"datePublished\":\"2023-10-10T23:57:13+00:00\",\"mainEntityOfPage\":{\"@id\":\"https:\\\/\\\/chasquideportivo.com\\\/ecrt\\\/goles-para-todos-los-gustos-y-sabores-en-la-segunda-fecha-del-futbol-provincial\\\/\"},\"wordCount\":219,\"commentCount\":0,\"publisher\":{\"@id\":\"https:\\\/\\\/chasquideportivo.com\\\/ecrt\\\/#organization\"},\"image\":{\"@id\":\"https:\\\/\\\/chasquideportivo.com\\\/ecrt\\\/goles-para-todos-los-gustos-y-sabores-en-la-segunda-fecha-del-futbol-provincial\\\/#primaryimage\"},\"thumbnailUrl\":\"https:\\\/\\\/chasquideportivo.com\\\/ecrt\\\/wp-content\\\/uploads\\\/2023\\\/10\\\/IMG_3096.jpg\",\"keywords\":[\"chasqui deportivo\",\"Goles para todos los gustos y sabores en la segunda fecha del f\u00fatbol provincial\"],\"articleSection\":[\"Chasqui Barrial\"],\"inLanguage\":\"es\",\"potentialAction\":[{\"@type\":\"CommentAction\",\"name\":\"Comment\",\"target\":[\"https:\\\/\\\/chasquideportivo.com\\\/ecrt\\\/goles-para-todos-los-gustos-y-sabores-en-la-segunda-fecha-del-futbol-provincial\\\/#respond\"]}]},{\"@type\":\"WebPage\",\"@id\":\"https:\\\/\\\/chasquideportivo.com\\\/ecrt\\\/goles-para-todos-los-gustos-y-sabores-en-la-segunda-fecha-del-futbol-provincial\\\/\",\"url\":\"https:\\\/\\\/chasquideportivo.com\\\/ecrt\\\/goles-para-todos-los-gustos-y-sabores-en-la-segunda-fecha-del-futbol-provincial\\\/\",\"name\":\"Goles para todos los gustos y sabores en la segunda fecha del f\u00fatbol provincial - ChasquiDeportivo\",\"isPartOf\":{\"@id\":\"https:\\\/\\\/chasquideportivo.com\\\/ecrt\\\/#website\"},\"primaryImageOfPage\":{\"@id\":\"https:\\\/\\\/chasquideportivo.com\\\/ecrt\\\/goles-para-todos-los-gustos-y-sabores-en-la-segunda-fecha-del-futbol-provincial\\\/#primaryimage\"},\"image\":{\"@id\":\"https:\\\/\\\/chasquideportivo.com\\\/ecrt\\\/goles-para-todos-los-gustos-y-sabores-en-la-segunda-fecha-del-futbol-provincial\\\/#primaryimage\"},\"thumbnailUrl\":\"https:\\\/\\\/chasquideportivo.com\\\/ecrt\\\/wp-content\\\/uploads\\\/2023\\\/10\\\/IMG_3096.jpg\",\"datePublished\":\"2023-10-10T23:57:13+00:00\",\"description\":\"Chasqui Deportivo | Informaci\u00f3n y comunicaci\u00f3n, reportajes, noticias, entrevistas en el \u00e1rea del deporte local, nacional.\",\"breadcrumb\":{\"@id\":\"https:\\\/\\\/chasquideportivo.com\\\/ecrt\\\/goles-para-todos-los-gustos-y-sabores-en-la-segunda-fecha-del-futbol-provincial\\\/#breadcrumb\"},\"inLanguage\":\"es\",\"potentialAction\":[{\"@type\":\"ReadAction\",\"target\":[\"https:\\\/\\\/chasquideportivo.com\\\/ecrt\\\/goles-para-todos-los-gustos-y-sabores-en-la-segunda-fecha-del-futbol-provincial\\\/\"]}]},{\"@type\":\"ImageObject\",\"inLanguage\":\"es\",\"@id\":\"https:\\\/\\\/chasquideportivo.com\\\/ecrt\\\/goles-para-todos-los-gustos-y-sabores-en-la-segunda-fecha-del-futbol-provincial\\\/#primaryimage\",\"url\":\"https:\\\/\\\/chasquideportivo.com\\\/ecrt\\\/wp-content\\\/uploads\\\/2023\\\/10\\\/IMG_3096.jpg\",\"contentUrl\":\"https:\\\/\\\/chasquideportivo.com\\\/ecrt\\\/wp-content\\\/uploads\\\/2023\\\/10\\\/IMG_3096.jpg\",\"width\":1000,\"height\":853},{\"@type\":\"BreadcrumbList\",\"@id\":\"https:\\\/\\\/chasquideportivo.com\\\/ecrt\\\/goles-para-todos-los-gustos-y-sabores-en-la-segunda-fecha-del-futbol-provincial\\\/#breadcrumb\",\"itemListElement\":[{\"@type\":\"ListItem\",\"position\":1,\"name\":\"Portada | Chasqui Deportivo\",\"item\":\"https:\\\/\\\/chasquideportivo.com\\\/ecrt\\\/\"},{\"@type\":\"ListItem\",\"position\":2,\"name\":\"Archivo\",\"item\":\"https:\\\/\\\/chasquideportivo.com\\\/ecrt\\\/category\\\/archivo\\\/\"},{\"@type\":\"ListItem\",\"position\":3,\"name\":\"Chasqui Barrial\",\"item\":\"https:\\\/\\\/chasquideportivo.com\\\/ecrt\\\/category\\\/archivo\\\/chasqui-barrial-2\\\/\"},{\"@type\":\"ListItem\",\"position\":4,\"name\":\"Goles para todos los gustos y sabores en la segunda fecha del f\u00fatbol provincial\"}]},{\"@type\":\"WebSite\",\"@id\":\"https:\\\/\\\/chasquideportivo.com\\\/ecrt\\\/#website\",\"url\":\"https:\\\/\\\/chasquideportivo.com\\\/ecrt\\\/\",\"name\":\"ChasquiDeportivo\",\"description\":\"Informaci&oacute;n y comunicaci&oacute;n, reportajes, noticias, entrevistas en el &aacute;rea del deporte local, nacional.\",\"publisher\":{\"@id\":\"https:\\\/\\\/chasquideportivo.com\\\/ecrt\\\/#organization\"},\"potentialAction\":[{\"@type\":\"SearchAction\",\"target\":{\"@type\":\"EntryPoint\",\"urlTemplate\":\"https:\\\/\\\/chasquideportivo.com\\\/ecrt\\\/?s={search_term_string}\"},\"query-input\":{\"@type\":\"PropertyValueSpecification\",\"valueRequired\":true,\"valueName\":\"search_term_string\"}}],\"inLanguage\":\"es\"},{\"@type\":\"Organization\",\"@id\":\"https:\\\/\\\/chasquideportivo.com\\\/ecrt\\\/#organization\",\"name\":\"Chasqui Deportivo\",\"url\":\"https:\\\/\\\/chasquideportivo.com\\\/ecrt\\\/\",\"logo\":{\"@type\":\"ImageObject\",\"inLanguage\":\"es\",\"@id\":\"https:\\\/\\\/chasquideportivo.com\\\/ecrt\\\/#\\\/schema\\\/logo\\\/image\\\/\",\"url\":\"https:\\\/\\\/chasquideportivo.com\\\/ecrt\\\/wp-content\\\/uploads\\\/2022\\\/01\\\/logo-vertical.jpg\",\"contentUrl\":\"https:\\\/\\\/chasquideportivo.com\\\/ecrt\\\/wp-content\\\/uploads\\\/2022\\\/01\\\/logo-vertical.jpg\",\"width\":612,\"height\":750,\"caption\":\"Chasqui Deportivo\"},\"image\":{\"@id\":\"https:\\\/\\\/chasquideportivo.com\\\/ecrt\\\/#\\\/schema\\\/logo\\\/image\\\/\"},\"sameAs\":[\"https:\\\/\\\/www.facebook.com\\\/chasquideportivo\",\"https:\\\/\\\/x.com\\\/chasquidep\",\"https:\\\/\\\/www.instagram.com\\\/chasquideportivo.ec\",\"https:\\\/\\\/www.youtube.com\\\/channel\\\/UCGY8M-csHuxJuGRt4XrV90Q\"]},{\"@type\":\"Person\",\"@id\":\"https:\\\/\\\/chasquideportivo.com\\\/ecrt\\\/#\\\/schema\\\/person\\\/33917d530026e458779161ba37af0135\",\"name\":\"Redacci\u00f3n Chasqui Deportivo\",\"image\":{\"@type\":\"ImageObject\",\"inLanguage\":\"es\",\"@id\":\"https:\\\/\\\/secure.gravatar.com\\\/avatar\\\/7eb0ecd9938a9f50328ab097af6f56b5e3a84cecb09256bdb75ac402bc1d935b?s=96&d=mm&r=g\",\"url\":\"https:\\\/\\\/secure.gravatar.com\\\/avatar\\\/7eb0ecd9938a9f50328ab097af6f56b5e3a84cecb09256bdb75ac402bc1d935b?s=96&d=mm&r=g\",\"contentUrl\":\"https:\\\/\\\/secure.gravatar.com\\\/avatar\\\/7eb0ecd9938a9f50328ab097af6f56b5e3a84cecb09256bdb75ac402bc1d935b?s=96&d=mm&r=g\",\"caption\":\"Redacci\u00f3n Chasqui Deportivo\"},\"sameAs\":[\"http:\\\/\\\/www.chasquideportivo.com\\\/ecrt\"],\"url\":\"https:\\\/\\\/chasquideportivo.com\\\/ecrt\\\/author\\\/cachito\\\/\"}]}<\/script>\n<!-- \/ Yoast SEO plugin. -->","yoast_head_json":{"title":"Goles para todos los gustos y sabores en la segunda fecha del f\u00fatbol provincial - ChasquiDeportivo","description":"Chasqui Deportivo | Informaci\u00f3n y comunicaci\u00f3n, reportajes, noticias, entrevistas en el \u00e1rea del deporte local, nacional.","robots":{"index":"index","follow":"follow","max-snippet":"max-snippet:-1","max-image-preview":"max-image-preview:large","max-video-preview":"max-video-preview:-1"},"canonical":"https:\/\/chasquideportivo.com\/ecrt\/goles-para-todos-los-gustos-y-sabores-en-la-segunda-fecha-del-futbol-provincial\/","og_locale":"es_ES","og_type":"article","og_title":"Goles para todos los gustos y sabores en la segunda fecha del f\u00fatbol provincial - ChasquiDeportivo","og_description":"Chasqui Deportivo | Informaci\u00f3n y comunicaci\u00f3n, reportajes, noticias, entrevistas en el \u00e1rea del deporte local, nacional.","og_url":"https:\/\/chasquideportivo.com\/ecrt\/goles-para-todos-los-gustos-y-sabores-en-la-segunda-fecha-del-futbol-provincial\/","og_site_name":"ChasquiDeportivo","article_publisher":"https:\/\/www.facebook.com\/chasquideportivo","article_published_time":"2023-10-10T23:57:13+00:00","og_image":[{"width":1000,"height":853,"url":"https:\/\/chasquideportivo.com\/ecrt\/wp-content\/uploads\/2023\/10\/IMG_3096.jpg","type":"image\/jpeg"}],"author":"Redacci\u00f3n Chasqui Deportivo","twitter_card":"summary_large_image","twitter_creator":"@chasquidep","twitter_site":"@chasquidep","twitter_misc":{"Escrito por":"Redacci\u00f3n Chasqui Deportivo","Tiempo de lectura":"2 minutos"},"schema":{"@context":"https:\/\/schema.org","@graph":[{"@type":"Article","@id":"https:\/\/chasquideportivo.com\/ecrt\/goles-para-todos-los-gustos-y-sabores-en-la-segunda-fecha-del-futbol-provincial\/#article","isPartOf":{"@id":"https:\/\/chasquideportivo.com\/ecrt\/goles-para-todos-los-gustos-y-sabores-en-la-segunda-fecha-del-futbol-provincial\/"},"author":{"name":"Redacci\u00f3n Chasqui Deportivo","@id":"https:\/\/chasquideportivo.com\/ecrt\/#\/schema\/person\/33917d530026e458779161ba37af0135"},"headline":"Goles para todos los gustos y sabores en la segunda fecha del f\u00fatbol provincial","datePublished":"2023-10-10T23:57:13+00:00","mainEntityOfPage":{"@id":"https:\/\/chasquideportivo.com\/ecrt\/goles-para-todos-los-gustos-y-sabores-en-la-segunda-fecha-del-futbol-provincial\/"},"wordCount":219,"commentCount":0,"publisher":{"@id":"https:\/\/chasquideportivo.com\/ecrt\/#organization"},"image":{"@id":"https:\/\/chasquideportivo.com\/ecrt\/goles-para-todos-los-gustos-y-sabores-en-la-segunda-fecha-del-futbol-provincial\/#primaryimage"},"thumbnailUrl":"https:\/\/chasquideportivo.com\/ecrt\/wp-content\/uploads\/2023\/10\/IMG_3096.jpg","keywords":["chasqui deportivo","Goles para todos los gustos y sabores en la segunda fecha del f\u00fatbol provincial"],"articleSection":["Chasqui Barrial"],"inLanguage":"es","potentialAction":[{"@type":"CommentAction","name":"Comment","target":["https:\/\/chasquideportivo.com\/ecrt\/goles-para-todos-los-gustos-y-sabores-en-la-segunda-fecha-del-futbol-provincial\/#respond"]}]},{"@type":"WebPage","@id":"https:\/\/chasquideportivo.com\/ecrt\/goles-para-todos-los-gustos-y-sabores-en-la-segunda-fecha-del-futbol-provincial\/","url":"https:\/\/chasquideportivo.com\/ecrt\/goles-para-todos-los-gustos-y-sabores-en-la-segunda-fecha-del-futbol-provincial\/","name":"Goles para todos los gustos y sabores en la segunda fecha del f\u00fatbol provincial - ChasquiDeportivo","isPartOf":{"@id":"https:\/\/chasquideportivo.com\/ecrt\/#website"},"primaryImageOfPage":{"@id":"https:\/\/chasquideportivo.com\/ecrt\/goles-para-todos-los-gustos-y-sabores-en-la-segunda-fecha-del-futbol-provincial\/#primaryimage"},"image":{"@id":"https:\/\/chasquideportivo.com\/ecrt\/goles-para-todos-los-gustos-y-sabores-en-la-segunda-fecha-del-futbol-provincial\/#primaryimage"},"thumbnailUrl":"https:\/\/chasquideportivo.com\/ecrt\/wp-content\/uploads\/2023\/10\/IMG_3096.jpg","datePublished":"2023-10-10T23:57:13+00:00","description":"Chasqui Deportivo | Informaci\u00f3n y comunicaci\u00f3n, reportajes, noticias, entrevistas en el \u00e1rea del deporte local, nacional.","breadcrumb":{"@id":"https:\/\/chasquideportivo.com\/ecrt\/goles-para-todos-los-gustos-y-sabores-en-la-segunda-fecha-del-futbol-provincial\/#breadcrumb"},"inLanguage":"es","potentialAction":[{"@type":"ReadAction","target":["https:\/\/chasquideportivo.com\/ecrt\/goles-para-todos-los-gustos-y-sabores-en-la-segunda-fecha-del-futbol-provincial\/"]}]},{"@type":"ImageObject","inLanguage":"es","@id":"https:\/\/chasquideportivo.com\/ecrt\/goles-para-todos-los-gustos-y-sabores-en-la-segunda-fecha-del-futbol-provincial\/#primaryimage","url":"https:\/\/chasquideportivo.com\/ecrt\/wp-content\/uploads\/2023\/10\/IMG_3096.jpg","contentUrl":"https:\/\/chasquideportivo.com\/ecrt\/wp-content\/uploads\/2023\/10\/IMG_3096.jpg","width":1000,"height":853},{"@type":"BreadcrumbList","@id":"https:\/\/chasquideportivo.com\/ecrt\/goles-para-todos-los-gustos-y-sabores-en-la-segunda-fecha-del-futbol-provincial\/#breadcrumb","itemListElement":[{"@type":"ListItem","position":1,"name":"Portada | Chasqui Deportivo","item":"https:\/\/chasquideportivo.com\/ecrt\/"},{"@type":"ListItem","position":2,"name":"Archivo","item":"https:\/\/chasquideportivo.com\/ecrt\/category\/archivo\/"},{"@type":"ListItem","position":3,"name":"Chasqui Barrial","item":"https:\/\/chasquideportivo.com\/ecrt\/category\/archivo\/chasqui-barrial-2\/"},{"@type":"ListItem","position":4,"name":"Goles para todos los gustos y sabores en la segunda fecha del f\u00fatbol provincial"}]},{"@type":"WebSite","@id":"https:\/\/chasquideportivo.com\/ecrt\/#website","url":"https:\/\/chasquideportivo.com\/ecrt\/","name":"ChasquiDeportivo","description":"Informaci&oacute;n y comunicaci&oacute;n, reportajes, noticias, entrevistas en el &aacute;rea del deporte local, nacional.","publisher":{"@id":"https:\/\/chasquideportivo.com\/ecrt\/#organization"},"potentialAction":[{"@type":"SearchAction","target":{"@type":"EntryPoint","urlTemplate":"https:\/\/chasquideportivo.com\/ecrt\/?s={search_term_string}"},"query-input":{"@type":"PropertyValueSpecification","valueRequired":true,"valueName":"search_term_string"}}],"inLanguage":"es"},{"@type":"Organization","@id":"https:\/\/chasquideportivo.com\/ecrt\/#organization","name":"Chasqui Deportivo","url":"https:\/\/chasquideportivo.com\/ecrt\/","logo":{"@type":"ImageObject","inLanguage":"es","@id":"https:\/\/chasquideportivo.com\/ecrt\/#\/schema\/logo\/image\/","url":"https:\/\/chasquideportivo.com\/ecrt\/wp-content\/uploads\/2022\/01\/logo-vertical.jpg","contentUrl":"https:\/\/chasquideportivo.com\/ecrt\/wp-content\/uploads\/2022\/01\/logo-vertical.jpg","width":612,"height":750,"caption":"Chasqui Deportivo"},"image":{"@id":"https:\/\/chasquideportivo.com\/ecrt\/#\/schema\/logo\/image\/"},"sameAs":["https:\/\/www.facebook.com\/chasquideportivo","https:\/\/x.com\/chasquidep","https:\/\/www.instagram.com\/chasquideportivo.ec","https:\/\/www.youtube.com\/channel\/UCGY8M-csHuxJuGRt4XrV90Q"]},{"@type":"Person","@id":"https:\/\/chasquideportivo.com\/ecrt\/#\/schema\/person\/33917d530026e458779161ba37af0135","name":"Redacci\u00f3n Chasqui Deportivo","image":{"@type":"ImageObject","inLanguage":"es","@id":"https:\/\/secure.gravatar.com\/avatar\/7eb0ecd9938a9f50328ab097af6f56b5e3a84cecb09256bdb75ac402bc1d935b?s=96&d=mm&r=g","url":"https:\/\/secure.gravatar.com\/avatar\/7eb0ecd9938a9f50328ab097af6f56b5e3a84cecb09256bdb75ac402bc1d935b?s=96&d=mm&r=g","contentUrl":"https:\/\/secure.gravatar.com\/avatar\/7eb0ecd9938a9f50328ab097af6f56b5e3a84cecb09256bdb75ac402bc1d935b?s=96&d=mm&r=g","caption":"Redacci\u00f3n Chasqui Deportivo"},"sameAs":["http:\/\/www.chasquideportivo.com\/ecrt"],"url":"https:\/\/chasquideportivo.com\/ecrt\/author\/cachito\/"}]}},"_links":{"self":[{"href":"https:\/\/chasquideportivo.com\/ecrt\/wp-json\/wp\/v2\/posts\/13292","targetHints":{"allow":["GET"]}}],"collection":[{"href":"https:\/\/chasquideportivo.com\/ecrt\/wp-json\/wp\/v2\/posts"}],"about":[{"href":"https:\/\/chasquideportivo.com\/ecrt\/wp-json\/wp\/v2\/types\/post"}],"author":[{"embeddable":true,"href":"https:\/\/chasquideportivo.com\/ecrt\/wp-json\/wp\/v2\/users\/2"}],"replies":[{"embeddable":true,"href":"https:\/\/chasquideportivo.com\/ecrt\/wp-json\/wp\/v2\/comments?post=13292"}],"version-history":[{"count":1,"href":"https:\/\/chasquideportivo.com\/ecrt\/wp-json\/wp\/v2\/posts\/13292\/revisions"}],"predecessor-version":[{"id":13294,"href":"https:\/\/chasquideportivo.com\/ecrt\/wp-json\/wp\/v2\/posts\/13292\/revisions\/13294"}],"wp:featuredmedia":[{"embeddable":true,"href":"https:\/\/chasquideportivo.com\/ecrt\/wp-json\/wp\/v2\/media\/13293"}],"wp:attachment":[{"href":"https:\/\/chasquideportivo.com\/ecrt\/wp-json\/wp\/v2\/media?parent=13292"}],"wp:term":[{"taxonomy":"category","embeddable":true,"href":"https:\/\/chasquideportivo.com\/ecrt\/wp-json\/wp\/v2\/categories?post=13292"},{"taxonomy":"post_tag","embeddable":true,"href":"https:\/\/chasquideportivo.com\/ecrt\/wp-json\/wp\/v2\/tags?post=13292"}],"curies":[{"name":"wp","href":"https:\/\/api.w.org\/{rel}","templated":true}]}}