{"id":13283,"date":"2023-10-05T13:04:42","date_gmt":"2023-10-05T13:04:42","guid":{"rendered":"https:\/\/chasquideportivo.com\/ecrt\/?p=13283"},"modified":"2023-10-05T13:04:42","modified_gmt":"2023-10-05T13:04:42","slug":"liga-de-quito-clasifica-a-la-final-hace-valer-la-diferencia","status":"publish","type":"post","link":"https:\/\/chasquideportivo.com\/ecrt\/liga-de-quito-clasifica-a-la-final-hace-valer-la-diferencia\/","title":{"rendered":"Liga de Quito clasifica a la final, hace valer la diferencia"},"content":{"rendered":"<p>Liga de Quito igual\u00f3 este mi\u00e9rcoles 0-0 con Defensa y Justicia como visitante y, gracias al 3-0 logrado la semana pasada en la capital ecuatoriana se asegur\u00f3 el pasaporte a la final de la Copa Sudamericana, que se disputar\u00e1 el 28 de octubre en el estadio Campus de Maldonado de la ciudad uruguaya de Punta del Este.<!--more--><\/p>\n<p>El conjunto dirigido por el argentino Luis Zubeld\u00eda sell\u00f3 de esta manera su octava final internacional que le permite al representativo ecuatoriano poder sumar su quinto t\u00edtulo fuera de las fronteras de su pa\u00eds tras los obtenidos en la Copa Libertadores 2008, Copa Sudamericana 2009 y las Recopas Sudamericanas 2009 y 2010.<img loading=\"lazy\" decoding=\"async\" class=\"size-medium wp-image-13284 alignleft\" src=\"https:\/\/chasquideportivo.com\/ecrt\/wp-content\/uploads\/2023\/10\/clasificacion-2023-sudamericana-300x206.jpg\" alt=\"\" width=\"300\" height=\"206\" \/><\/p>\n<p>Por su parte, Defensa y Justicia, ganador de este trofeo en 2020, qued\u00f3 en el camino y ahora deber\u00e1 centrar su atenci\u00f3n en las Copas de la Liga Profesional y Argentina, ambos torneos donde todav\u00eda sigue con vida.<\/p>\n<p>El encuentro tuvo un inicio con el conjunto local conducido por Julio Vaccari como dominador que tuvo como primeras opciones un golpe de cabeza desviado de Tom\u00e1s Cardona, un buen remate de David Barbona y una definici\u00f3n de Gast\u00f3n Togni que se estrell\u00f3 contra el palo.<\/p>\n<p>Sin embargo, luego el conjunto visitante reaccion\u00f3 con la experiencia de Paolo Guerrero como principal argumento ofensivo sumado a una gran acci\u00f3n individual de Mauricio Mart\u00ednez, que deriv\u00f3 con el remate del peruano en el palo y una intervenci\u00f3n del portero Enrique Bologna para impedir la ca\u00edda de su valla ante la definici\u00f3n de &#8216;Caramelo&#8217;.<\/p>\n<p>Con el correr de los minutos la desesperaci\u00f3n por reducir el tanteador global fue tomando cuerpo en el local, mientras que la visita cada vez se sent\u00eda m\u00e1s c\u00f3moda en el juego.<\/p>\n<p>La rotaci\u00f3n de los banquillos determin\u00f3 el ingreso de Manuel Duarte por Juli\u00e1n L\u00f3pez en Defensa y m\u00e1s tarde salt\u00f3 al campo de juego Andr\u00e9s R\u00edos y Gonzalo Castellani.<\/p>\n<p>Sin embargo, sin la posibilidad de contar en campo al goleador \u2018Uvita\u2019 Fern\u00e1ndez sumado a la noche err\u00e1tica de Lucas Pratto deriv\u00f3 en que Defensa y Justicia no pueda vulnerar la valla de Alexander Dom\u00ednguez y el 0-0 certifique la clasificaci\u00f3n de Liga de Quito a la final.<br \/>\nDe esta manera, el elenco quite\u00f1o se medir\u00e1 el 28 de octubre a Fortaleza, que ayer hab\u00eda vencido 2-0 (3-1 global) a Corinthians en la semifinal brasile\u00f1a en el estadio Campus de Maldonado para determinar el campe\u00f3n de la vig\u00e9simo segunda edici\u00f3n del torneo organizado por Conmebol.<\/p>\n<p>Este enfrentamiento pondr\u00e1 frente a frente a dos t\u00e9cnicos argentinos: Juan Pablo Vojvoda en el elenco brasile\u00f1o y Luis Zubeld\u00eda en el conjunto ecuatoriano.<\/p>\n<p>&#8211; Ficha t\u00e9cnica:<\/p>\n<p>0. Defensa y Justicia: Enrique Bologna; Nicol\u00e1s Tripicchio, Agust\u00edn Sant\u2019Anna (m.76, Gonzalo Castellani), Santiago Ramos, Dario C\u00e1ceres (m.65, Santiago Solari); Alexis Soto, Juli\u00e1n L\u00f3pez (m.45, Manuel Duarte) (m.76, Andr\u00e9s R\u00edos); Tom\u00e1s Cardona, David Barbona, Gast\u00f3n Togni; Lucas Pratto.<\/p>\n<p>Entrenador: Julio Vaccari.<\/p>\n<p>0. Liga de Quito: Alexander Dom\u00ednguez; Jos\u00e9 Quintero, Ricardo Ad\u00e9, Facundo Rodr\u00edguez, Leonel Qui\u00f1\u00f3nez; Ezequiel Piovi, Mauricio Mart\u00ednez, Renato Ibarra (m.84, Richard Mina), Sebasti\u00e1n Gonz\u00e1lez (m.68, Alexander Alvarado), Jhojan Julio (m.90, \u00d3scar Zambrano); y Paolo Guerrero (m.90, Jos\u00e9 Angulo).<\/p>\n<p>Entrenador: Luis Zubeld\u00eda.<\/p>\n<p>\u00c1rbitro: el chileno Piero Maza amonest\u00f3 a Juli\u00e1n L\u00f3pez, Agust\u00edn SantAnna, Lucas Pratto, Alexis Soto, Santiago Solari, Paolo Guerrero. EFE<\/p>\n","protected":false},"excerpt":{"rendered":"<p>Liga de Quito igual\u00f3 este mi\u00e9rcoles 0-0 con Defensa y Justicia como visitante y, gracias al 3-0 logrado la semana pasada en la capital ecuatoriana se asegur\u00f3 el pasaporte a la final de la Copa Sudamericana, que se disputar\u00e1 el 28 de octubre en el estadio Campus de Maldonado de la ciudad uruguaya de Punta [&hellip;]<\/p>\n","protected":false},"author":2,"featured_media":13284,"comment_status":"open","ping_status":"open","sticky":false,"template":"","format":"standard","meta":{"_et_pb_use_builder":"","_et_pb_old_content":"","_et_gb_content_width":"","footnotes":""},"categories":[18],"tags":[22,1110],"class_list":["post-13283","post","type-post","status-publish","format-standard","has-post-thumbnail","hentry","category-golazo","tag-chasqui-deportivo","tag-liga-de-quito-clasifica-a-la-final-hace-valer-la-diferencia"],"yoast_head":"<!-- This site is optimized with the Yoast SEO plugin v27.4 - https:\/\/yoast.com\/product\/yoast-seo-wordpress\/ -->\n<title>Liga de Quito clasifica a la final, hace valer la diferencia - ChasquiDeportivo<\/title>\n<meta name=\"description\" content=\"Chasqui Deportivo | Informaci\u00f3n y comunicaci\u00f3n, reportajes, noticias, entrevistas en el \u00e1rea del deporte local, nacional.\" \/>\n<meta name=\"robots\" content=\"index, follow, max-snippet:-1, max-image-preview:large, max-video-preview:-1\" \/>\n<link rel=\"canonical\" href=\"https:\/\/chasquideportivo.com\/ecrt\/liga-de-quito-clasifica-a-la-final-hace-valer-la-diferencia\/\" \/>\n<meta property=\"og:locale\" content=\"es_ES\" \/>\n<meta property=\"og:type\" content=\"article\" \/>\n<meta property=\"og:title\" content=\"Liga de Quito clasifica a la final, hace valer la diferencia - ChasquiDeportivo\" \/>\n<meta property=\"og:description\" content=\"Chasqui Deportivo | Informaci\u00f3n y comunicaci\u00f3n, reportajes, noticias, entrevistas en el \u00e1rea del deporte local, nacional.\" \/>\n<meta property=\"og:url\" content=\"https:\/\/chasquideportivo.com\/ecrt\/liga-de-quito-clasifica-a-la-final-hace-valer-la-diferencia\/\" \/>\n<meta property=\"og:site_name\" content=\"ChasquiDeportivo\" \/>\n<meta property=\"article:publisher\" content=\"https:\/\/www.facebook.com\/chasquideportivo\" \/>\n<meta property=\"article:published_time\" content=\"2023-10-05T13:04:42+00:00\" \/>\n<meta property=\"og:image\" content=\"https:\/\/chasquideportivo.com\/ecrt\/wp-content\/uploads\/2023\/10\/clasificacion-2023-sudamericana.jpg\" \/>\n\t<meta property=\"og:image:width\" content=\"1000\" \/>\n\t<meta property=\"og:image:height\" content=\"686\" \/>\n\t<meta property=\"og:image:type\" content=\"image\/jpeg\" \/>\n<meta name=\"author\" content=\"Redacci\u00f3n Chasqui Deportivo\" \/>\n<meta name=\"twitter:card\" content=\"summary_large_image\" \/>\n<meta name=\"twitter:creator\" content=\"@chasquidep\" \/>\n<meta name=\"twitter:site\" content=\"@chasquidep\" \/>\n<meta name=\"twitter:label1\" content=\"Escrito por\" \/>\n\t<meta name=\"twitter:data1\" content=\"Redacci\u00f3n Chasqui Deportivo\" \/>\n\t<meta name=\"twitter:label2\" content=\"Tiempo de lectura\" \/>\n\t<meta name=\"twitter:data2\" content=\"3 minutos\" \/>\n<script type=\"application\/ld+json\" class=\"yoast-schema-graph\">{\"@context\":\"https:\\\/\\\/schema.org\",\"@graph\":[{\"@type\":\"Article\",\"@id\":\"https:\\\/\\\/chasquideportivo.com\\\/ecrt\\\/liga-de-quito-clasifica-a-la-final-hace-valer-la-diferencia\\\/#article\",\"isPartOf\":{\"@id\":\"https:\\\/\\\/chasquideportivo.com\\\/ecrt\\\/liga-de-quito-clasifica-a-la-final-hace-valer-la-diferencia\\\/\"},\"author\":{\"name\":\"Redacci\u00f3n Chasqui Deportivo\",\"@id\":\"https:\\\/\\\/chasquideportivo.com\\\/ecrt\\\/#\\\/schema\\\/person\\\/33917d530026e458779161ba37af0135\"},\"headline\":\"Liga de Quito clasifica a la final, hace valer la diferencia\",\"datePublished\":\"2023-10-05T13:04:42+00:00\",\"mainEntityOfPage\":{\"@id\":\"https:\\\/\\\/chasquideportivo.com\\\/ecrt\\\/liga-de-quito-clasifica-a-la-final-hace-valer-la-diferencia\\\/\"},\"wordCount\":594,\"commentCount\":0,\"publisher\":{\"@id\":\"https:\\\/\\\/chasquideportivo.com\\\/ecrt\\\/#organization\"},\"image\":{\"@id\":\"https:\\\/\\\/chasquideportivo.com\\\/ecrt\\\/liga-de-quito-clasifica-a-la-final-hace-valer-la-diferencia\\\/#primaryimage\"},\"thumbnailUrl\":\"https:\\\/\\\/chasquideportivo.com\\\/ecrt\\\/wp-content\\\/uploads\\\/2023\\\/10\\\/clasificacion-2023-sudamericana.jpg\",\"keywords\":[\"chasqui deportivo\",\"Liga de Quito clasifica a la final hace valer la diferencia\"],\"articleSection\":[\"Golazo\"],\"inLanguage\":\"es\",\"potentialAction\":[{\"@type\":\"CommentAction\",\"name\":\"Comment\",\"target\":[\"https:\\\/\\\/chasquideportivo.com\\\/ecrt\\\/liga-de-quito-clasifica-a-la-final-hace-valer-la-diferencia\\\/#respond\"]}]},{\"@type\":\"WebPage\",\"@id\":\"https:\\\/\\\/chasquideportivo.com\\\/ecrt\\\/liga-de-quito-clasifica-a-la-final-hace-valer-la-diferencia\\\/\",\"url\":\"https:\\\/\\\/chasquideportivo.com\\\/ecrt\\\/liga-de-quito-clasifica-a-la-final-hace-valer-la-diferencia\\\/\",\"name\":\"Liga de Quito clasifica a la final, hace valer la diferencia - ChasquiDeportivo\",\"isPartOf\":{\"@id\":\"https:\\\/\\\/chasquideportivo.com\\\/ecrt\\\/#website\"},\"primaryImageOfPage\":{\"@id\":\"https:\\\/\\\/chasquideportivo.com\\\/ecrt\\\/liga-de-quito-clasifica-a-la-final-hace-valer-la-diferencia\\\/#primaryimage\"},\"image\":{\"@id\":\"https:\\\/\\\/chasquideportivo.com\\\/ecrt\\\/liga-de-quito-clasifica-a-la-final-hace-valer-la-diferencia\\\/#primaryimage\"},\"thumbnailUrl\":\"https:\\\/\\\/chasquideportivo.com\\\/ecrt\\\/wp-content\\\/uploads\\\/2023\\\/10\\\/clasificacion-2023-sudamericana.jpg\",\"datePublished\":\"2023-10-05T13:04:42+00:00\",\"description\":\"Chasqui Deportivo | Informaci\u00f3n y comunicaci\u00f3n, reportajes, noticias, entrevistas en el \u00e1rea del deporte local, nacional.\",\"breadcrumb\":{\"@id\":\"https:\\\/\\\/chasquideportivo.com\\\/ecrt\\\/liga-de-quito-clasifica-a-la-final-hace-valer-la-diferencia\\\/#breadcrumb\"},\"inLanguage\":\"es\",\"potentialAction\":[{\"@type\":\"ReadAction\",\"target\":[\"https:\\\/\\\/chasquideportivo.com\\\/ecrt\\\/liga-de-quito-clasifica-a-la-final-hace-valer-la-diferencia\\\/\"]}]},{\"@type\":\"ImageObject\",\"inLanguage\":\"es\",\"@id\":\"https:\\\/\\\/chasquideportivo.com\\\/ecrt\\\/liga-de-quito-clasifica-a-la-final-hace-valer-la-diferencia\\\/#primaryimage\",\"url\":\"https:\\\/\\\/chasquideportivo.com\\\/ecrt\\\/wp-content\\\/uploads\\\/2023\\\/10\\\/clasificacion-2023-sudamericana.jpg\",\"contentUrl\":\"https:\\\/\\\/chasquideportivo.com\\\/ecrt\\\/wp-content\\\/uploads\\\/2023\\\/10\\\/clasificacion-2023-sudamericana.jpg\",\"width\":1000,\"height\":686},{\"@type\":\"BreadcrumbList\",\"@id\":\"https:\\\/\\\/chasquideportivo.com\\\/ecrt\\\/liga-de-quito-clasifica-a-la-final-hace-valer-la-diferencia\\\/#breadcrumb\",\"itemListElement\":[{\"@type\":\"ListItem\",\"position\":1,\"name\":\"Portada | Chasqui Deportivo\",\"item\":\"https:\\\/\\\/chasquideportivo.com\\\/ecrt\\\/\"},{\"@type\":\"ListItem\",\"position\":2,\"name\":\"Archivo\",\"item\":\"https:\\\/\\\/chasquideportivo.com\\\/ecrt\\\/category\\\/archivo\\\/\"},{\"@type\":\"ListItem\",\"position\":3,\"name\":\"Golazo\",\"item\":\"https:\\\/\\\/chasquideportivo.com\\\/ecrt\\\/category\\\/archivo\\\/golazo\\\/\"},{\"@type\":\"ListItem\",\"position\":4,\"name\":\"Liga de Quito clasifica a la final, hace valer la diferencia\"}]},{\"@type\":\"WebSite\",\"@id\":\"https:\\\/\\\/chasquideportivo.com\\\/ecrt\\\/#website\",\"url\":\"https:\\\/\\\/chasquideportivo.com\\\/ecrt\\\/\",\"name\":\"ChasquiDeportivo\",\"description\":\"Informaci&oacute;n y comunicaci&oacute;n, reportajes, noticias, entrevistas en el &aacute;rea del deporte local, nacional.\",\"publisher\":{\"@id\":\"https:\\\/\\\/chasquideportivo.com\\\/ecrt\\\/#organization\"},\"potentialAction\":[{\"@type\":\"SearchAction\",\"target\":{\"@type\":\"EntryPoint\",\"urlTemplate\":\"https:\\\/\\\/chasquideportivo.com\\\/ecrt\\\/?s={search_term_string}\"},\"query-input\":{\"@type\":\"PropertyValueSpecification\",\"valueRequired\":true,\"valueName\":\"search_term_string\"}}],\"inLanguage\":\"es\"},{\"@type\":\"Organization\",\"@id\":\"https:\\\/\\\/chasquideportivo.com\\\/ecrt\\\/#organization\",\"name\":\"Chasqui Deportivo\",\"url\":\"https:\\\/\\\/chasquideportivo.com\\\/ecrt\\\/\",\"logo\":{\"@type\":\"ImageObject\",\"inLanguage\":\"es\",\"@id\":\"https:\\\/\\\/chasquideportivo.com\\\/ecrt\\\/#\\\/schema\\\/logo\\\/image\\\/\",\"url\":\"https:\\\/\\\/chasquideportivo.com\\\/ecrt\\\/wp-content\\\/uploads\\\/2022\\\/01\\\/logo-vertical.jpg\",\"contentUrl\":\"https:\\\/\\\/chasquideportivo.com\\\/ecrt\\\/wp-content\\\/uploads\\\/2022\\\/01\\\/logo-vertical.jpg\",\"width\":612,\"height\":750,\"caption\":\"Chasqui Deportivo\"},\"image\":{\"@id\":\"https:\\\/\\\/chasquideportivo.com\\\/ecrt\\\/#\\\/schema\\\/logo\\\/image\\\/\"},\"sameAs\":[\"https:\\\/\\\/www.facebook.com\\\/chasquideportivo\",\"https:\\\/\\\/x.com\\\/chasquidep\",\"https:\\\/\\\/www.instagram.com\\\/chasquideportivo.ec\",\"https:\\\/\\\/www.youtube.com\\\/channel\\\/UCGY8M-csHuxJuGRt4XrV90Q\"]},{\"@type\":\"Person\",\"@id\":\"https:\\\/\\\/chasquideportivo.com\\\/ecrt\\\/#\\\/schema\\\/person\\\/33917d530026e458779161ba37af0135\",\"name\":\"Redacci\u00f3n Chasqui Deportivo\",\"image\":{\"@type\":\"ImageObject\",\"inLanguage\":\"es\",\"@id\":\"https:\\\/\\\/secure.gravatar.com\\\/avatar\\\/7eb0ecd9938a9f50328ab097af6f56b5e3a84cecb09256bdb75ac402bc1d935b?s=96&d=mm&r=g\",\"url\":\"https:\\\/\\\/secure.gravatar.com\\\/avatar\\\/7eb0ecd9938a9f50328ab097af6f56b5e3a84cecb09256bdb75ac402bc1d935b?s=96&d=mm&r=g\",\"contentUrl\":\"https:\\\/\\\/secure.gravatar.com\\\/avatar\\\/7eb0ecd9938a9f50328ab097af6f56b5e3a84cecb09256bdb75ac402bc1d935b?s=96&d=mm&r=g\",\"caption\":\"Redacci\u00f3n Chasqui Deportivo\"},\"sameAs\":[\"http:\\\/\\\/www.chasquideportivo.com\\\/ecrt\"],\"url\":\"https:\\\/\\\/chasquideportivo.com\\\/ecrt\\\/author\\\/cachito\\\/\"}]}<\/script>\n<!-- \/ Yoast SEO plugin. -->","yoast_head_json":{"title":"Liga de Quito clasifica a la final, hace valer la diferencia - ChasquiDeportivo","description":"Chasqui Deportivo | Informaci\u00f3n y comunicaci\u00f3n, reportajes, noticias, entrevistas en el \u00e1rea del deporte local, nacional.","robots":{"index":"index","follow":"follow","max-snippet":"max-snippet:-1","max-image-preview":"max-image-preview:large","max-video-preview":"max-video-preview:-1"},"canonical":"https:\/\/chasquideportivo.com\/ecrt\/liga-de-quito-clasifica-a-la-final-hace-valer-la-diferencia\/","og_locale":"es_ES","og_type":"article","og_title":"Liga de Quito clasifica a la final, hace valer la diferencia - ChasquiDeportivo","og_description":"Chasqui Deportivo | Informaci\u00f3n y comunicaci\u00f3n, reportajes, noticias, entrevistas en el \u00e1rea del deporte local, nacional.","og_url":"https:\/\/chasquideportivo.com\/ecrt\/liga-de-quito-clasifica-a-la-final-hace-valer-la-diferencia\/","og_site_name":"ChasquiDeportivo","article_publisher":"https:\/\/www.facebook.com\/chasquideportivo","article_published_time":"2023-10-05T13:04:42+00:00","og_image":[{"width":1000,"height":686,"url":"https:\/\/chasquideportivo.com\/ecrt\/wp-content\/uploads\/2023\/10\/clasificacion-2023-sudamericana.jpg","type":"image\/jpeg"}],"author":"Redacci\u00f3n Chasqui Deportivo","twitter_card":"summary_large_image","twitter_creator":"@chasquidep","twitter_site":"@chasquidep","twitter_misc":{"Escrito por":"Redacci\u00f3n Chasqui Deportivo","Tiempo de lectura":"3 minutos"},"schema":{"@context":"https:\/\/schema.org","@graph":[{"@type":"Article","@id":"https:\/\/chasquideportivo.com\/ecrt\/liga-de-quito-clasifica-a-la-final-hace-valer-la-diferencia\/#article","isPartOf":{"@id":"https:\/\/chasquideportivo.com\/ecrt\/liga-de-quito-clasifica-a-la-final-hace-valer-la-diferencia\/"},"author":{"name":"Redacci\u00f3n Chasqui Deportivo","@id":"https:\/\/chasquideportivo.com\/ecrt\/#\/schema\/person\/33917d530026e458779161ba37af0135"},"headline":"Liga de Quito clasifica a la final, hace valer la diferencia","datePublished":"2023-10-05T13:04:42+00:00","mainEntityOfPage":{"@id":"https:\/\/chasquideportivo.com\/ecrt\/liga-de-quito-clasifica-a-la-final-hace-valer-la-diferencia\/"},"wordCount":594,"commentCount":0,"publisher":{"@id":"https:\/\/chasquideportivo.com\/ecrt\/#organization"},"image":{"@id":"https:\/\/chasquideportivo.com\/ecrt\/liga-de-quito-clasifica-a-la-final-hace-valer-la-diferencia\/#primaryimage"},"thumbnailUrl":"https:\/\/chasquideportivo.com\/ecrt\/wp-content\/uploads\/2023\/10\/clasificacion-2023-sudamericana.jpg","keywords":["chasqui deportivo","Liga de Quito clasifica a la final hace valer la diferencia"],"articleSection":["Golazo"],"inLanguage":"es","potentialAction":[{"@type":"CommentAction","name":"Comment","target":["https:\/\/chasquideportivo.com\/ecrt\/liga-de-quito-clasifica-a-la-final-hace-valer-la-diferencia\/#respond"]}]},{"@type":"WebPage","@id":"https:\/\/chasquideportivo.com\/ecrt\/liga-de-quito-clasifica-a-la-final-hace-valer-la-diferencia\/","url":"https:\/\/chasquideportivo.com\/ecrt\/liga-de-quito-clasifica-a-la-final-hace-valer-la-diferencia\/","name":"Liga de Quito clasifica a la final, hace valer la diferencia - ChasquiDeportivo","isPartOf":{"@id":"https:\/\/chasquideportivo.com\/ecrt\/#website"},"primaryImageOfPage":{"@id":"https:\/\/chasquideportivo.com\/ecrt\/liga-de-quito-clasifica-a-la-final-hace-valer-la-diferencia\/#primaryimage"},"image":{"@id":"https:\/\/chasquideportivo.com\/ecrt\/liga-de-quito-clasifica-a-la-final-hace-valer-la-diferencia\/#primaryimage"},"thumbnailUrl":"https:\/\/chasquideportivo.com\/ecrt\/wp-content\/uploads\/2023\/10\/clasificacion-2023-sudamericana.jpg","datePublished":"2023-10-05T13:04:42+00:00","description":"Chasqui Deportivo | Informaci\u00f3n y comunicaci\u00f3n, reportajes, noticias, entrevistas en el \u00e1rea del deporte local, nacional.","breadcrumb":{"@id":"https:\/\/chasquideportivo.com\/ecrt\/liga-de-quito-clasifica-a-la-final-hace-valer-la-diferencia\/#breadcrumb"},"inLanguage":"es","potentialAction":[{"@type":"ReadAction","target":["https:\/\/chasquideportivo.com\/ecrt\/liga-de-quito-clasifica-a-la-final-hace-valer-la-diferencia\/"]}]},{"@type":"ImageObject","inLanguage":"es","@id":"https:\/\/chasquideportivo.com\/ecrt\/liga-de-quito-clasifica-a-la-final-hace-valer-la-diferencia\/#primaryimage","url":"https:\/\/chasquideportivo.com\/ecrt\/wp-content\/uploads\/2023\/10\/clasificacion-2023-sudamericana.jpg","contentUrl":"https:\/\/chasquideportivo.com\/ecrt\/wp-content\/uploads\/2023\/10\/clasificacion-2023-sudamericana.jpg","width":1000,"height":686},{"@type":"BreadcrumbList","@id":"https:\/\/chasquideportivo.com\/ecrt\/liga-de-quito-clasifica-a-la-final-hace-valer-la-diferencia\/#breadcrumb","itemListElement":[{"@type":"ListItem","position":1,"name":"Portada | Chasqui Deportivo","item":"https:\/\/chasquideportivo.com\/ecrt\/"},{"@type":"ListItem","position":2,"name":"Archivo","item":"https:\/\/chasquideportivo.com\/ecrt\/category\/archivo\/"},{"@type":"ListItem","position":3,"name":"Golazo","item":"https:\/\/chasquideportivo.com\/ecrt\/category\/archivo\/golazo\/"},{"@type":"ListItem","position":4,"name":"Liga de Quito clasifica a la final, hace valer la diferencia"}]},{"@type":"WebSite","@id":"https:\/\/chasquideportivo.com\/ecrt\/#website","url":"https:\/\/chasquideportivo.com\/ecrt\/","name":"ChasquiDeportivo","description":"Informaci&oacute;n y comunicaci&oacute;n, reportajes, noticias, entrevistas en el &aacute;rea del deporte local, nacional.","publisher":{"@id":"https:\/\/chasquideportivo.com\/ecrt\/#organization"},"potentialAction":[{"@type":"SearchAction","target":{"@type":"EntryPoint","urlTemplate":"https:\/\/chasquideportivo.com\/ecrt\/?s={search_term_string}"},"query-input":{"@type":"PropertyValueSpecification","valueRequired":true,"valueName":"search_term_string"}}],"inLanguage":"es"},{"@type":"Organization","@id":"https:\/\/chasquideportivo.com\/ecrt\/#organization","name":"Chasqui Deportivo","url":"https:\/\/chasquideportivo.com\/ecrt\/","logo":{"@type":"ImageObject","inLanguage":"es","@id":"https:\/\/chasquideportivo.com\/ecrt\/#\/schema\/logo\/image\/","url":"https:\/\/chasquideportivo.com\/ecrt\/wp-content\/uploads\/2022\/01\/logo-vertical.jpg","contentUrl":"https:\/\/chasquideportivo.com\/ecrt\/wp-content\/uploads\/2022\/01\/logo-vertical.jpg","width":612,"height":750,"caption":"Chasqui Deportivo"},"image":{"@id":"https:\/\/chasquideportivo.com\/ecrt\/#\/schema\/logo\/image\/"},"sameAs":["https:\/\/www.facebook.com\/chasquideportivo","https:\/\/x.com\/chasquidep","https:\/\/www.instagram.com\/chasquideportivo.ec","https:\/\/www.youtube.com\/channel\/UCGY8M-csHuxJuGRt4XrV90Q"]},{"@type":"Person","@id":"https:\/\/chasquideportivo.com\/ecrt\/#\/schema\/person\/33917d530026e458779161ba37af0135","name":"Redacci\u00f3n Chasqui Deportivo","image":{"@type":"ImageObject","inLanguage":"es","@id":"https:\/\/secure.gravatar.com\/avatar\/7eb0ecd9938a9f50328ab097af6f56b5e3a84cecb09256bdb75ac402bc1d935b?s=96&d=mm&r=g","url":"https:\/\/secure.gravatar.com\/avatar\/7eb0ecd9938a9f50328ab097af6f56b5e3a84cecb09256bdb75ac402bc1d935b?s=96&d=mm&r=g","contentUrl":"https:\/\/secure.gravatar.com\/avatar\/7eb0ecd9938a9f50328ab097af6f56b5e3a84cecb09256bdb75ac402bc1d935b?s=96&d=mm&r=g","caption":"Redacci\u00f3n Chasqui Deportivo"},"sameAs":["http:\/\/www.chasquideportivo.com\/ecrt"],"url":"https:\/\/chasquideportivo.com\/ecrt\/author\/cachito\/"}]}},"_links":{"self":[{"href":"https:\/\/chasquideportivo.com\/ecrt\/wp-json\/wp\/v2\/posts\/13283","targetHints":{"allow":["GET"]}}],"collection":[{"href":"https:\/\/chasquideportivo.com\/ecrt\/wp-json\/wp\/v2\/posts"}],"about":[{"href":"https:\/\/chasquideportivo.com\/ecrt\/wp-json\/wp\/v2\/types\/post"}],"author":[{"embeddable":true,"href":"https:\/\/chasquideportivo.com\/ecrt\/wp-json\/wp\/v2\/users\/2"}],"replies":[{"embeddable":true,"href":"https:\/\/chasquideportivo.com\/ecrt\/wp-json\/wp\/v2\/comments?post=13283"}],"version-history":[{"count":1,"href":"https:\/\/chasquideportivo.com\/ecrt\/wp-json\/wp\/v2\/posts\/13283\/revisions"}],"predecessor-version":[{"id":13285,"href":"https:\/\/chasquideportivo.com\/ecrt\/wp-json\/wp\/v2\/posts\/13283\/revisions\/13285"}],"wp:featuredmedia":[{"embeddable":true,"href":"https:\/\/chasquideportivo.com\/ecrt\/wp-json\/wp\/v2\/media\/13284"}],"wp:attachment":[{"href":"https:\/\/chasquideportivo.com\/ecrt\/wp-json\/wp\/v2\/media?parent=13283"}],"wp:term":[{"taxonomy":"category","embeddable":true,"href":"https:\/\/chasquideportivo.com\/ecrt\/wp-json\/wp\/v2\/categories?post=13283"},{"taxonomy":"post_tag","embeddable":true,"href":"https:\/\/chasquideportivo.com\/ecrt\/wp-json\/wp\/v2\/tags?post=13283"}],"curies":[{"name":"wp","href":"https:\/\/api.w.org\/{rel}","templated":true}]}}