{"id":13276,"date":"2023-10-03T13:13:34","date_gmt":"2023-10-03T13:13:34","guid":{"rendered":"https:\/\/chasquideportivo.com\/ecrt\/?p=13276"},"modified":"2023-10-03T13:13:34","modified_gmt":"2023-10-03T13:13:34","slug":"el-camino-al-podio-deportivo-se-inicio-en-pichincha","status":"publish","type":"post","link":"https:\/\/chasquideportivo.com\/ecrt\/el-camino-al-podio-deportivo-se-inicio-en-pichincha\/","title":{"rendered":"El camino al podio deportivo se inici\u00f3 en Pichincha"},"content":{"rendered":"<p>El bal\u00f3n est\u00e1 en movimiento en la provincia de Pichincha. El s\u00e1bado 31 de septiembre se inaugur\u00f3 los torneos de f\u00fatbol en las categor\u00edas m\u00e1ster, s\u00e9nior y el baloncesto damas y varones. <!--more--><br \/>\nSangolqui fue la sede del evento organizado por la Federaci\u00f3n Provincial de Ligas Deportivas Barriales y Parroquiales de Pichincha, Fedebyp. Con la presencia del alcalde del cant\u00f3n Rumi\u00f1ahui, Fabi\u00e1n Iza, las delegaciones de las matrices se presentaron al evento muy elegante. <img loading=\"lazy\" decoding=\"async\" class=\"size-medium wp-image-13277 alignleft\" src=\"https:\/\/chasquideportivo.com\/ecrt\/wp-content\/uploads\/2023\/10\/IMG_2828-300x222.jpg\" alt=\"\" width=\"300\" height=\"222\" \/><br \/>\nLa Aso ligas, junto con sus representantes iniciaron el desfile, luego fueron los equipos de la Federaci\u00f3n de Ligas de Quito, Federaci\u00f3n de Ligas de Mej\u00eda, Rumi\u00f1ahui, Los Bancos, Pedro Moncayo y finalmente la Uni\u00f3n de Ligas, quienes cerraron el desfile con la alegr\u00eda y el sue\u00f1o de llegar al podio deportivo de la provincia.<br \/>\nWilmer Padilla, presidente de la Fedebyp, dio la bienvenida, resalt\u00f3 el esfuerzo de las filiales porque sin contar con los recursos necesarios cumplen con la participaci\u00f3n en estos torneos; Carlos Ninabanda, presidente de Fedenaligas, tambi\u00e9n valor\u00f3 el esfuerzo de los clubes y ligas que sin contar con recursos realizan este gran esfuerzo para cumplir con el evento.<br \/>\nLa promesa deportiva estuvo a cargo del alcalde de la localidad, Fabi\u00e1n Iza, quien destaco que la actividad deportiva comunitaria aporta a la salud y a la recreaci\u00f3n del ciudadano que practica su deporte favorito en forma organizada, con estos actos se cumpli\u00f3 la elecci\u00f3n de las reinas del torneo y la elecci\u00f3n de los equipos mejor presentado y uniformado del evento.<br \/>\nLuego del evento de presentaci\u00f3n, los equipos se trasladaron a los diferentes escenarios del sector para cumplir con la primera fecha del calendario deportivo e iniciar el camino al podio del torneo de f\u00fatbol y basquetbol.<\/p>\n","protected":false},"excerpt":{"rendered":"<p>El bal\u00f3n est\u00e1 en movimiento en la provincia de Pichincha. El s\u00e1bado 31 de septiembre se inaugur\u00f3 los torneos de f\u00fatbol en las categor\u00edas m\u00e1ster, s\u00e9nior y el baloncesto damas y varones.<\/p>\n","protected":false},"author":2,"featured_media":13277,"comment_status":"open","ping_status":"open","sticky":false,"template":"","format":"standard","meta":{"_et_pb_use_builder":"","_et_pb_old_content":"","_et_gb_content_width":"","footnotes":""},"categories":[56],"tags":[22,1107],"class_list":["post-13276","post","type-post","status-publish","format-standard","has-post-thumbnail","hentry","category-chasqui-barrial-2","tag-chasqui-deportivo","tag-el-camino-al-podio-deportivo-barrial-se-inicio-en-pichincha"],"yoast_head":"<!-- This site is optimized with the Yoast SEO plugin v27.4 - https:\/\/yoast.com\/product\/yoast-seo-wordpress\/ -->\n<title>El camino al podio deportivo se inici\u00f3 en Pichincha - ChasquiDeportivo<\/title>\n<meta name=\"description\" content=\"Chasqui Deportivo | Informaci\u00f3n y comunicaci\u00f3n, reportajes, noticias, entrevistas en el \u00e1rea del deporte local, nacional.\" \/>\n<meta name=\"robots\" content=\"index, follow, max-snippet:-1, max-image-preview:large, max-video-preview:-1\" \/>\n<link rel=\"canonical\" href=\"https:\/\/chasquideportivo.com\/ecrt\/el-camino-al-podio-deportivo-se-inicio-en-pichincha\/\" \/>\n<meta property=\"og:locale\" content=\"es_ES\" \/>\n<meta property=\"og:type\" content=\"article\" \/>\n<meta property=\"og:title\" content=\"El camino al podio deportivo se inici\u00f3 en Pichincha - ChasquiDeportivo\" \/>\n<meta property=\"og:description\" content=\"Chasqui Deportivo | Informaci\u00f3n y comunicaci\u00f3n, reportajes, noticias, entrevistas en el \u00e1rea del deporte local, nacional.\" \/>\n<meta property=\"og:url\" content=\"https:\/\/chasquideportivo.com\/ecrt\/el-camino-al-podio-deportivo-se-inicio-en-pichincha\/\" \/>\n<meta property=\"og:site_name\" content=\"ChasquiDeportivo\" \/>\n<meta property=\"article:publisher\" content=\"https:\/\/www.facebook.com\/chasquideportivo\" \/>\n<meta property=\"article:published_time\" content=\"2023-10-03T13:13:34+00:00\" \/>\n<meta property=\"og:image\" content=\"https:\/\/chasquideportivo.com\/ecrt\/wp-content\/uploads\/2023\/10\/IMG_2828.jpg\" \/>\n\t<meta property=\"og:image:width\" content=\"1000\" \/>\n\t<meta property=\"og:image:height\" content=\"740\" \/>\n\t<meta property=\"og:image:type\" content=\"image\/jpeg\" \/>\n<meta name=\"author\" content=\"Redacci\u00f3n Chasqui Deportivo\" \/>\n<meta name=\"twitter:card\" content=\"summary_large_image\" \/>\n<meta name=\"twitter:creator\" content=\"@chasquidep\" \/>\n<meta name=\"twitter:site\" content=\"@chasquidep\" \/>\n<meta name=\"twitter:label1\" content=\"Escrito por\" \/>\n\t<meta name=\"twitter:data1\" content=\"Redacci\u00f3n Chasqui Deportivo\" \/>\n\t<meta name=\"twitter:label2\" content=\"Tiempo de lectura\" \/>\n\t<meta name=\"twitter:data2\" content=\"2 minutos\" \/>\n<script type=\"application\/ld+json\" class=\"yoast-schema-graph\">{\"@context\":\"https:\\\/\\\/schema.org\",\"@graph\":[{\"@type\":\"Article\",\"@id\":\"https:\\\/\\\/chasquideportivo.com\\\/ecrt\\\/el-camino-al-podio-deportivo-se-inicio-en-pichincha\\\/#article\",\"isPartOf\":{\"@id\":\"https:\\\/\\\/chasquideportivo.com\\\/ecrt\\\/el-camino-al-podio-deportivo-se-inicio-en-pichincha\\\/\"},\"author\":{\"name\":\"Redacci\u00f3n Chasqui Deportivo\",\"@id\":\"https:\\\/\\\/chasquideportivo.com\\\/ecrt\\\/#\\\/schema\\\/person\\\/33917d530026e458779161ba37af0135\"},\"headline\":\"El camino al podio deportivo se inici\u00f3 en Pichincha\",\"datePublished\":\"2023-10-03T13:13:34+00:00\",\"mainEntityOfPage\":{\"@id\":\"https:\\\/\\\/chasquideportivo.com\\\/ecrt\\\/el-camino-al-podio-deportivo-se-inicio-en-pichincha\\\/\"},\"wordCount\":316,\"commentCount\":0,\"publisher\":{\"@id\":\"https:\\\/\\\/chasquideportivo.com\\\/ecrt\\\/#organization\"},\"image\":{\"@id\":\"https:\\\/\\\/chasquideportivo.com\\\/ecrt\\\/el-camino-al-podio-deportivo-se-inicio-en-pichincha\\\/#primaryimage\"},\"thumbnailUrl\":\"https:\\\/\\\/chasquideportivo.com\\\/ecrt\\\/wp-content\\\/uploads\\\/2023\\\/10\\\/IMG_2828.jpg\",\"keywords\":[\"chasqui deportivo\",\"El camino al podio deportivo barrial se inici\u00f3 en Pichincha\"],\"articleSection\":[\"Chasqui Barrial\"],\"inLanguage\":\"es\",\"potentialAction\":[{\"@type\":\"CommentAction\",\"name\":\"Comment\",\"target\":[\"https:\\\/\\\/chasquideportivo.com\\\/ecrt\\\/el-camino-al-podio-deportivo-se-inicio-en-pichincha\\\/#respond\"]}]},{\"@type\":\"WebPage\",\"@id\":\"https:\\\/\\\/chasquideportivo.com\\\/ecrt\\\/el-camino-al-podio-deportivo-se-inicio-en-pichincha\\\/\",\"url\":\"https:\\\/\\\/chasquideportivo.com\\\/ecrt\\\/el-camino-al-podio-deportivo-se-inicio-en-pichincha\\\/\",\"name\":\"El camino al podio deportivo se inici\u00f3 en Pichincha - ChasquiDeportivo\",\"isPartOf\":{\"@id\":\"https:\\\/\\\/chasquideportivo.com\\\/ecrt\\\/#website\"},\"primaryImageOfPage\":{\"@id\":\"https:\\\/\\\/chasquideportivo.com\\\/ecrt\\\/el-camino-al-podio-deportivo-se-inicio-en-pichincha\\\/#primaryimage\"},\"image\":{\"@id\":\"https:\\\/\\\/chasquideportivo.com\\\/ecrt\\\/el-camino-al-podio-deportivo-se-inicio-en-pichincha\\\/#primaryimage\"},\"thumbnailUrl\":\"https:\\\/\\\/chasquideportivo.com\\\/ecrt\\\/wp-content\\\/uploads\\\/2023\\\/10\\\/IMG_2828.jpg\",\"datePublished\":\"2023-10-03T13:13:34+00:00\",\"description\":\"Chasqui Deportivo | Informaci\u00f3n y comunicaci\u00f3n, reportajes, noticias, entrevistas en el \u00e1rea del deporte local, nacional.\",\"breadcrumb\":{\"@id\":\"https:\\\/\\\/chasquideportivo.com\\\/ecrt\\\/el-camino-al-podio-deportivo-se-inicio-en-pichincha\\\/#breadcrumb\"},\"inLanguage\":\"es\",\"potentialAction\":[{\"@type\":\"ReadAction\",\"target\":[\"https:\\\/\\\/chasquideportivo.com\\\/ecrt\\\/el-camino-al-podio-deportivo-se-inicio-en-pichincha\\\/\"]}]},{\"@type\":\"ImageObject\",\"inLanguage\":\"es\",\"@id\":\"https:\\\/\\\/chasquideportivo.com\\\/ecrt\\\/el-camino-al-podio-deportivo-se-inicio-en-pichincha\\\/#primaryimage\",\"url\":\"https:\\\/\\\/chasquideportivo.com\\\/ecrt\\\/wp-content\\\/uploads\\\/2023\\\/10\\\/IMG_2828.jpg\",\"contentUrl\":\"https:\\\/\\\/chasquideportivo.com\\\/ecrt\\\/wp-content\\\/uploads\\\/2023\\\/10\\\/IMG_2828.jpg\",\"width\":1000,\"height\":740},{\"@type\":\"BreadcrumbList\",\"@id\":\"https:\\\/\\\/chasquideportivo.com\\\/ecrt\\\/el-camino-al-podio-deportivo-se-inicio-en-pichincha\\\/#breadcrumb\",\"itemListElement\":[{\"@type\":\"ListItem\",\"position\":1,\"name\":\"Portada | Chasqui Deportivo\",\"item\":\"https:\\\/\\\/chasquideportivo.com\\\/ecrt\\\/\"},{\"@type\":\"ListItem\",\"position\":2,\"name\":\"Archivo\",\"item\":\"https:\\\/\\\/chasquideportivo.com\\\/ecrt\\\/category\\\/archivo\\\/\"},{\"@type\":\"ListItem\",\"position\":3,\"name\":\"Chasqui Barrial\",\"item\":\"https:\\\/\\\/chasquideportivo.com\\\/ecrt\\\/category\\\/archivo\\\/chasqui-barrial-2\\\/\"},{\"@type\":\"ListItem\",\"position\":4,\"name\":\"El camino al podio deportivo se inici\u00f3 en Pichincha\"}]},{\"@type\":\"WebSite\",\"@id\":\"https:\\\/\\\/chasquideportivo.com\\\/ecrt\\\/#website\",\"url\":\"https:\\\/\\\/chasquideportivo.com\\\/ecrt\\\/\",\"name\":\"ChasquiDeportivo\",\"description\":\"Informaci&oacute;n y comunicaci&oacute;n, reportajes, noticias, entrevistas en el &aacute;rea del deporte local, nacional.\",\"publisher\":{\"@id\":\"https:\\\/\\\/chasquideportivo.com\\\/ecrt\\\/#organization\"},\"potentialAction\":[{\"@type\":\"SearchAction\",\"target\":{\"@type\":\"EntryPoint\",\"urlTemplate\":\"https:\\\/\\\/chasquideportivo.com\\\/ecrt\\\/?s={search_term_string}\"},\"query-input\":{\"@type\":\"PropertyValueSpecification\",\"valueRequired\":true,\"valueName\":\"search_term_string\"}}],\"inLanguage\":\"es\"},{\"@type\":\"Organization\",\"@id\":\"https:\\\/\\\/chasquideportivo.com\\\/ecrt\\\/#organization\",\"name\":\"Chasqui Deportivo\",\"url\":\"https:\\\/\\\/chasquideportivo.com\\\/ecrt\\\/\",\"logo\":{\"@type\":\"ImageObject\",\"inLanguage\":\"es\",\"@id\":\"https:\\\/\\\/chasquideportivo.com\\\/ecrt\\\/#\\\/schema\\\/logo\\\/image\\\/\",\"url\":\"https:\\\/\\\/chasquideportivo.com\\\/ecrt\\\/wp-content\\\/uploads\\\/2022\\\/01\\\/logo-vertical.jpg\",\"contentUrl\":\"https:\\\/\\\/chasquideportivo.com\\\/ecrt\\\/wp-content\\\/uploads\\\/2022\\\/01\\\/logo-vertical.jpg\",\"width\":612,\"height\":750,\"caption\":\"Chasqui Deportivo\"},\"image\":{\"@id\":\"https:\\\/\\\/chasquideportivo.com\\\/ecrt\\\/#\\\/schema\\\/logo\\\/image\\\/\"},\"sameAs\":[\"https:\\\/\\\/www.facebook.com\\\/chasquideportivo\",\"https:\\\/\\\/x.com\\\/chasquidep\",\"https:\\\/\\\/www.instagram.com\\\/chasquideportivo.ec\",\"https:\\\/\\\/www.youtube.com\\\/channel\\\/UCGY8M-csHuxJuGRt4XrV90Q\"]},{\"@type\":\"Person\",\"@id\":\"https:\\\/\\\/chasquideportivo.com\\\/ecrt\\\/#\\\/schema\\\/person\\\/33917d530026e458779161ba37af0135\",\"name\":\"Redacci\u00f3n Chasqui Deportivo\",\"image\":{\"@type\":\"ImageObject\",\"inLanguage\":\"es\",\"@id\":\"https:\\\/\\\/secure.gravatar.com\\\/avatar\\\/7eb0ecd9938a9f50328ab097af6f56b5e3a84cecb09256bdb75ac402bc1d935b?s=96&d=mm&r=g\",\"url\":\"https:\\\/\\\/secure.gravatar.com\\\/avatar\\\/7eb0ecd9938a9f50328ab097af6f56b5e3a84cecb09256bdb75ac402bc1d935b?s=96&d=mm&r=g\",\"contentUrl\":\"https:\\\/\\\/secure.gravatar.com\\\/avatar\\\/7eb0ecd9938a9f50328ab097af6f56b5e3a84cecb09256bdb75ac402bc1d935b?s=96&d=mm&r=g\",\"caption\":\"Redacci\u00f3n Chasqui Deportivo\"},\"sameAs\":[\"http:\\\/\\\/www.chasquideportivo.com\\\/ecrt\"],\"url\":\"https:\\\/\\\/chasquideportivo.com\\\/ecrt\\\/author\\\/cachito\\\/\"}]}<\/script>\n<!-- \/ Yoast SEO plugin. -->","yoast_head_json":{"title":"El camino al podio deportivo se inici\u00f3 en Pichincha - ChasquiDeportivo","description":"Chasqui Deportivo | Informaci\u00f3n y comunicaci\u00f3n, reportajes, noticias, entrevistas en el \u00e1rea del deporte local, nacional.","robots":{"index":"index","follow":"follow","max-snippet":"max-snippet:-1","max-image-preview":"max-image-preview:large","max-video-preview":"max-video-preview:-1"},"canonical":"https:\/\/chasquideportivo.com\/ecrt\/el-camino-al-podio-deportivo-se-inicio-en-pichincha\/","og_locale":"es_ES","og_type":"article","og_title":"El camino al podio deportivo se inici\u00f3 en Pichincha - ChasquiDeportivo","og_description":"Chasqui Deportivo | Informaci\u00f3n y comunicaci\u00f3n, reportajes, noticias, entrevistas en el \u00e1rea del deporte local, nacional.","og_url":"https:\/\/chasquideportivo.com\/ecrt\/el-camino-al-podio-deportivo-se-inicio-en-pichincha\/","og_site_name":"ChasquiDeportivo","article_publisher":"https:\/\/www.facebook.com\/chasquideportivo","article_published_time":"2023-10-03T13:13:34+00:00","og_image":[{"width":1000,"height":740,"url":"https:\/\/chasquideportivo.com\/ecrt\/wp-content\/uploads\/2023\/10\/IMG_2828.jpg","type":"image\/jpeg"}],"author":"Redacci\u00f3n Chasqui Deportivo","twitter_card":"summary_large_image","twitter_creator":"@chasquidep","twitter_site":"@chasquidep","twitter_misc":{"Escrito por":"Redacci\u00f3n Chasqui Deportivo","Tiempo de lectura":"2 minutos"},"schema":{"@context":"https:\/\/schema.org","@graph":[{"@type":"Article","@id":"https:\/\/chasquideportivo.com\/ecrt\/el-camino-al-podio-deportivo-se-inicio-en-pichincha\/#article","isPartOf":{"@id":"https:\/\/chasquideportivo.com\/ecrt\/el-camino-al-podio-deportivo-se-inicio-en-pichincha\/"},"author":{"name":"Redacci\u00f3n Chasqui Deportivo","@id":"https:\/\/chasquideportivo.com\/ecrt\/#\/schema\/person\/33917d530026e458779161ba37af0135"},"headline":"El camino al podio deportivo se inici\u00f3 en Pichincha","datePublished":"2023-10-03T13:13:34+00:00","mainEntityOfPage":{"@id":"https:\/\/chasquideportivo.com\/ecrt\/el-camino-al-podio-deportivo-se-inicio-en-pichincha\/"},"wordCount":316,"commentCount":0,"publisher":{"@id":"https:\/\/chasquideportivo.com\/ecrt\/#organization"},"image":{"@id":"https:\/\/chasquideportivo.com\/ecrt\/el-camino-al-podio-deportivo-se-inicio-en-pichincha\/#primaryimage"},"thumbnailUrl":"https:\/\/chasquideportivo.com\/ecrt\/wp-content\/uploads\/2023\/10\/IMG_2828.jpg","keywords":["chasqui deportivo","El camino al podio deportivo barrial se inici\u00f3 en Pichincha"],"articleSection":["Chasqui Barrial"],"inLanguage":"es","potentialAction":[{"@type":"CommentAction","name":"Comment","target":["https:\/\/chasquideportivo.com\/ecrt\/el-camino-al-podio-deportivo-se-inicio-en-pichincha\/#respond"]}]},{"@type":"WebPage","@id":"https:\/\/chasquideportivo.com\/ecrt\/el-camino-al-podio-deportivo-se-inicio-en-pichincha\/","url":"https:\/\/chasquideportivo.com\/ecrt\/el-camino-al-podio-deportivo-se-inicio-en-pichincha\/","name":"El camino al podio deportivo se inici\u00f3 en Pichincha - ChasquiDeportivo","isPartOf":{"@id":"https:\/\/chasquideportivo.com\/ecrt\/#website"},"primaryImageOfPage":{"@id":"https:\/\/chasquideportivo.com\/ecrt\/el-camino-al-podio-deportivo-se-inicio-en-pichincha\/#primaryimage"},"image":{"@id":"https:\/\/chasquideportivo.com\/ecrt\/el-camino-al-podio-deportivo-se-inicio-en-pichincha\/#primaryimage"},"thumbnailUrl":"https:\/\/chasquideportivo.com\/ecrt\/wp-content\/uploads\/2023\/10\/IMG_2828.jpg","datePublished":"2023-10-03T13:13:34+00:00","description":"Chasqui Deportivo | Informaci\u00f3n y comunicaci\u00f3n, reportajes, noticias, entrevistas en el \u00e1rea del deporte local, nacional.","breadcrumb":{"@id":"https:\/\/chasquideportivo.com\/ecrt\/el-camino-al-podio-deportivo-se-inicio-en-pichincha\/#breadcrumb"},"inLanguage":"es","potentialAction":[{"@type":"ReadAction","target":["https:\/\/chasquideportivo.com\/ecrt\/el-camino-al-podio-deportivo-se-inicio-en-pichincha\/"]}]},{"@type":"ImageObject","inLanguage":"es","@id":"https:\/\/chasquideportivo.com\/ecrt\/el-camino-al-podio-deportivo-se-inicio-en-pichincha\/#primaryimage","url":"https:\/\/chasquideportivo.com\/ecrt\/wp-content\/uploads\/2023\/10\/IMG_2828.jpg","contentUrl":"https:\/\/chasquideportivo.com\/ecrt\/wp-content\/uploads\/2023\/10\/IMG_2828.jpg","width":1000,"height":740},{"@type":"BreadcrumbList","@id":"https:\/\/chasquideportivo.com\/ecrt\/el-camino-al-podio-deportivo-se-inicio-en-pichincha\/#breadcrumb","itemListElement":[{"@type":"ListItem","position":1,"name":"Portada | Chasqui Deportivo","item":"https:\/\/chasquideportivo.com\/ecrt\/"},{"@type":"ListItem","position":2,"name":"Archivo","item":"https:\/\/chasquideportivo.com\/ecrt\/category\/archivo\/"},{"@type":"ListItem","position":3,"name":"Chasqui Barrial","item":"https:\/\/chasquideportivo.com\/ecrt\/category\/archivo\/chasqui-barrial-2\/"},{"@type":"ListItem","position":4,"name":"El camino al podio deportivo se inici\u00f3 en Pichincha"}]},{"@type":"WebSite","@id":"https:\/\/chasquideportivo.com\/ecrt\/#website","url":"https:\/\/chasquideportivo.com\/ecrt\/","name":"ChasquiDeportivo","description":"Informaci&oacute;n y comunicaci&oacute;n, reportajes, noticias, entrevistas en el &aacute;rea del deporte local, nacional.","publisher":{"@id":"https:\/\/chasquideportivo.com\/ecrt\/#organization"},"potentialAction":[{"@type":"SearchAction","target":{"@type":"EntryPoint","urlTemplate":"https:\/\/chasquideportivo.com\/ecrt\/?s={search_term_string}"},"query-input":{"@type":"PropertyValueSpecification","valueRequired":true,"valueName":"search_term_string"}}],"inLanguage":"es"},{"@type":"Organization","@id":"https:\/\/chasquideportivo.com\/ecrt\/#organization","name":"Chasqui Deportivo","url":"https:\/\/chasquideportivo.com\/ecrt\/","logo":{"@type":"ImageObject","inLanguage":"es","@id":"https:\/\/chasquideportivo.com\/ecrt\/#\/schema\/logo\/image\/","url":"https:\/\/chasquideportivo.com\/ecrt\/wp-content\/uploads\/2022\/01\/logo-vertical.jpg","contentUrl":"https:\/\/chasquideportivo.com\/ecrt\/wp-content\/uploads\/2022\/01\/logo-vertical.jpg","width":612,"height":750,"caption":"Chasqui Deportivo"},"image":{"@id":"https:\/\/chasquideportivo.com\/ecrt\/#\/schema\/logo\/image\/"},"sameAs":["https:\/\/www.facebook.com\/chasquideportivo","https:\/\/x.com\/chasquidep","https:\/\/www.instagram.com\/chasquideportivo.ec","https:\/\/www.youtube.com\/channel\/UCGY8M-csHuxJuGRt4XrV90Q"]},{"@type":"Person","@id":"https:\/\/chasquideportivo.com\/ecrt\/#\/schema\/person\/33917d530026e458779161ba37af0135","name":"Redacci\u00f3n Chasqui Deportivo","image":{"@type":"ImageObject","inLanguage":"es","@id":"https:\/\/secure.gravatar.com\/avatar\/7eb0ecd9938a9f50328ab097af6f56b5e3a84cecb09256bdb75ac402bc1d935b?s=96&d=mm&r=g","url":"https:\/\/secure.gravatar.com\/avatar\/7eb0ecd9938a9f50328ab097af6f56b5e3a84cecb09256bdb75ac402bc1d935b?s=96&d=mm&r=g","contentUrl":"https:\/\/secure.gravatar.com\/avatar\/7eb0ecd9938a9f50328ab097af6f56b5e3a84cecb09256bdb75ac402bc1d935b?s=96&d=mm&r=g","caption":"Redacci\u00f3n Chasqui Deportivo"},"sameAs":["http:\/\/www.chasquideportivo.com\/ecrt"],"url":"https:\/\/chasquideportivo.com\/ecrt\/author\/cachito\/"}]}},"_links":{"self":[{"href":"https:\/\/chasquideportivo.com\/ecrt\/wp-json\/wp\/v2\/posts\/13276","targetHints":{"allow":["GET"]}}],"collection":[{"href":"https:\/\/chasquideportivo.com\/ecrt\/wp-json\/wp\/v2\/posts"}],"about":[{"href":"https:\/\/chasquideportivo.com\/ecrt\/wp-json\/wp\/v2\/types\/post"}],"author":[{"embeddable":true,"href":"https:\/\/chasquideportivo.com\/ecrt\/wp-json\/wp\/v2\/users\/2"}],"replies":[{"embeddable":true,"href":"https:\/\/chasquideportivo.com\/ecrt\/wp-json\/wp\/v2\/comments?post=13276"}],"version-history":[{"count":1,"href":"https:\/\/chasquideportivo.com\/ecrt\/wp-json\/wp\/v2\/posts\/13276\/revisions"}],"predecessor-version":[{"id":13278,"href":"https:\/\/chasquideportivo.com\/ecrt\/wp-json\/wp\/v2\/posts\/13276\/revisions\/13278"}],"wp:featuredmedia":[{"embeddable":true,"href":"https:\/\/chasquideportivo.com\/ecrt\/wp-json\/wp\/v2\/media\/13277"}],"wp:attachment":[{"href":"https:\/\/chasquideportivo.com\/ecrt\/wp-json\/wp\/v2\/media?parent=13276"}],"wp:term":[{"taxonomy":"category","embeddable":true,"href":"https:\/\/chasquideportivo.com\/ecrt\/wp-json\/wp\/v2\/categories?post=13276"},{"taxonomy":"post_tag","embeddable":true,"href":"https:\/\/chasquideportivo.com\/ecrt\/wp-json\/wp\/v2\/tags?post=13276"}],"curies":[{"name":"wp","href":"https:\/\/api.w.org\/{rel}","templated":true}]}}