{"id":13245,"date":"2023-09-20T22:47:27","date_gmt":"2023-09-20T22:47:27","guid":{"rendered":"https:\/\/chasquideportivo.com\/ecrt\/?p=13245"},"modified":"2023-09-20T22:47:27","modified_gmt":"2023-09-20T22:47:27","slug":"chantilin-grande-y-juventus-suenan-con-la-copa-libertadores-de-los-barrios","status":"publish","type":"post","link":"https:\/\/chasquideportivo.com\/ecrt\/chantilin-grande-y-juventus-suenan-con-la-copa-libertadores-de-los-barrios\/","title":{"rendered":"Chantil\u00edn Grande y Juventus sue\u00f1an con la Copa Libertadores de los barrios"},"content":{"rendered":"<p>El domingo pasado se cumpli\u00f3 la semifinal del torneo organizado por la Federaci\u00f3n de Ligas de Quito. El torneo Campe\u00f3n de Campeones ya tiene finalistas, Chantil\u00edn Grande de la Magdalena se enfrentar\u00e1 al Juventus de San Roque. Este s\u00e1bado 23 se jugar\u00e1 la fecha final a la categor\u00eda masculina y femenina. <!--more--><br \/>\nCon goles de gran nivel t\u00e9cnico se defini\u00f3 los finalistas. La \u201cJuve\u201d en la primera semifinal venci\u00f3 2-1 a Nacional de San Juan con inspiraci\u00f3n de Erik Chauca, quien marco dos golazos de tiro libre para lograr la victoria y llegar a la final. Fue un cotejo disputado de principio a fin. <img loading=\"lazy\" decoding=\"async\" class=\"size-medium wp-image-13246 alignleft\" src=\"https:\/\/chasquideportivo.com\/ecrt\/wp-content\/uploads\/2023\/09\/IMG_1912-300x272.jpg\" alt=\"\" width=\"300\" height=\"272\" \/><br \/>\nEn la segunda semifinal se enfrenaron Chantil\u00edn y Tosqusimos, quienes expusieron sus mejores argumentos futbol\u00edsticos en la parte ofensiva. Los jugadores de San Pedro del Valle se enfocaron en la victoria y lo fueron consiguiendo pero le falt\u00f3 experiencia para manejar el resultado y la ventaja que manten\u00eda durante el segundo tiempo.<br \/>\nLa victoria del representante de la Magdalena 5-4 es por decisi\u00f3n de los \u00e1rbitros en una jugada pol\u00e9mica que fue largamente discutida por los integrantes de Tosquisimos que no aceptaron la decisi\u00f3n arbitral, cuando el bal\u00f3n no ingreso seg\u00fan los jugadores de Tosquisimos. Al final concluyo el cotejo a favor de Chantil\u00edn y se enfrentar\u00e1 al Juventus.<br \/>\nEste s\u00e1bado 23 se jugara tambi\u00e9n la final femenina de acuerdo a la informaci\u00f3n de la comisi\u00f3n t\u00e9cnica, Defensor Arika (El Transito) vs Rayos de Tumbaco (Tola Chica) y por el tercer lugar Texas (Manuelita S\u00e1enz) vs Chelsea (Comuna Central de Tumbaco).<br \/>\nEn varones se enfrentar\u00e1n por el tercer lugar, Nacional de San Juan con Tosquisimos de San Pedro del Valle y la final Chantil\u00edn Grande con Juventus.<\/p>\n","protected":false},"excerpt":{"rendered":"<p>El domingo pasado se cumpli\u00f3 la semifinal del torneo organizado por la Federaci\u00f3n de Ligas de Quito. El torneo Campe\u00f3n de Campeones ya tiene finalistas, Chantil\u00edn Grande de la Magdalena se enfrentar\u00e1 al Juventus de San Roque. Este s\u00e1bado 23 se jugar\u00e1 la fecha final a la categor\u00eda masculina y femenina.<\/p>\n","protected":false},"author":2,"featured_media":13246,"comment_status":"open","ping_status":"open","sticky":false,"template":"","format":"standard","meta":{"_et_pb_use_builder":"","_et_pb_old_content":"","_et_gb_content_width":"","footnotes":""},"categories":[56],"tags":[1098,22],"class_list":["post-13245","post","type-post","status-publish","format-standard","has-post-thumbnail","hentry","category-chasqui-barrial-2","tag-chantilin-grande-y-juventus-suenan-con-la-copa-libertadores-de-los-barrios","tag-chasqui-deportivo"],"yoast_head":"<!-- This site is optimized with the Yoast SEO plugin v27.4 - https:\/\/yoast.com\/product\/yoast-seo-wordpress\/ -->\n<title>Chantil\u00edn Grande y Juventus sue\u00f1an con la Copa Libertadores de los barrios - ChasquiDeportivo<\/title>\n<meta name=\"description\" content=\"Chasqui Deportivo | Informaci\u00f3n y comunicaci\u00f3n, reportajes, noticias, entrevistas en el \u00e1rea del deporte local, nacional.\" \/>\n<meta name=\"robots\" content=\"index, follow, max-snippet:-1, max-image-preview:large, max-video-preview:-1\" \/>\n<link rel=\"canonical\" href=\"https:\/\/chasquideportivo.com\/ecrt\/chantilin-grande-y-juventus-suenan-con-la-copa-libertadores-de-los-barrios\/\" \/>\n<meta property=\"og:locale\" content=\"es_ES\" \/>\n<meta property=\"og:type\" content=\"article\" \/>\n<meta property=\"og:title\" content=\"Chantil\u00edn Grande y Juventus sue\u00f1an con la Copa Libertadores de los barrios - ChasquiDeportivo\" \/>\n<meta property=\"og:description\" content=\"Chasqui Deportivo | Informaci\u00f3n y comunicaci\u00f3n, reportajes, noticias, entrevistas en el \u00e1rea del deporte local, nacional.\" \/>\n<meta property=\"og:url\" content=\"https:\/\/chasquideportivo.com\/ecrt\/chantilin-grande-y-juventus-suenan-con-la-copa-libertadores-de-los-barrios\/\" \/>\n<meta property=\"og:site_name\" content=\"ChasquiDeportivo\" \/>\n<meta property=\"article:publisher\" content=\"https:\/\/www.facebook.com\/chasquideportivo\" \/>\n<meta property=\"article:published_time\" content=\"2023-09-20T22:47:27+00:00\" \/>\n<meta property=\"og:image\" content=\"https:\/\/chasquideportivo.com\/ecrt\/wp-content\/uploads\/2023\/09\/IMG_1912.jpg\" \/>\n\t<meta property=\"og:image:width\" content=\"1000\" \/>\n\t<meta property=\"og:image:height\" content=\"907\" \/>\n\t<meta property=\"og:image:type\" content=\"image\/jpeg\" \/>\n<meta name=\"author\" content=\"Redacci\u00f3n Chasqui Deportivo\" \/>\n<meta name=\"twitter:card\" content=\"summary_large_image\" \/>\n<meta name=\"twitter:creator\" content=\"@chasquidep\" \/>\n<meta name=\"twitter:site\" content=\"@chasquidep\" \/>\n<meta name=\"twitter:label1\" content=\"Escrito por\" \/>\n\t<meta name=\"twitter:data1\" content=\"Redacci\u00f3n Chasqui Deportivo\" \/>\n\t<meta name=\"twitter:label2\" content=\"Tiempo de lectura\" \/>\n\t<meta name=\"twitter:data2\" content=\"2 minutos\" \/>\n<script type=\"application\/ld+json\" class=\"yoast-schema-graph\">{\"@context\":\"https:\\\/\\\/schema.org\",\"@graph\":[{\"@type\":\"Article\",\"@id\":\"https:\\\/\\\/chasquideportivo.com\\\/ecrt\\\/chantilin-grande-y-juventus-suenan-con-la-copa-libertadores-de-los-barrios\\\/#article\",\"isPartOf\":{\"@id\":\"https:\\\/\\\/chasquideportivo.com\\\/ecrt\\\/chantilin-grande-y-juventus-suenan-con-la-copa-libertadores-de-los-barrios\\\/\"},\"author\":{\"name\":\"Redacci\u00f3n Chasqui Deportivo\",\"@id\":\"https:\\\/\\\/chasquideportivo.com\\\/ecrt\\\/#\\\/schema\\\/person\\\/33917d530026e458779161ba37af0135\"},\"headline\":\"Chantil\u00edn Grande y Juventus sue\u00f1an con la Copa Libertadores de los barrios\",\"datePublished\":\"2023-09-20T22:47:27+00:00\",\"mainEntityOfPage\":{\"@id\":\"https:\\\/\\\/chasquideportivo.com\\\/ecrt\\\/chantilin-grande-y-juventus-suenan-con-la-copa-libertadores-de-los-barrios\\\/\"},\"wordCount\":316,\"commentCount\":0,\"publisher\":{\"@id\":\"https:\\\/\\\/chasquideportivo.com\\\/ecrt\\\/#organization\"},\"image\":{\"@id\":\"https:\\\/\\\/chasquideportivo.com\\\/ecrt\\\/chantilin-grande-y-juventus-suenan-con-la-copa-libertadores-de-los-barrios\\\/#primaryimage\"},\"thumbnailUrl\":\"https:\\\/\\\/chasquideportivo.com\\\/ecrt\\\/wp-content\\\/uploads\\\/2023\\\/09\\\/IMG_1912.jpg\",\"keywords\":[\"Chantil\u00edn Grande y Juventus sue\u00f1an con la Copa Libertadores de los barrios\",\"chasqui deportivo\"],\"articleSection\":[\"Chasqui Barrial\"],\"inLanguage\":\"es\",\"potentialAction\":[{\"@type\":\"CommentAction\",\"name\":\"Comment\",\"target\":[\"https:\\\/\\\/chasquideportivo.com\\\/ecrt\\\/chantilin-grande-y-juventus-suenan-con-la-copa-libertadores-de-los-barrios\\\/#respond\"]}]},{\"@type\":\"WebPage\",\"@id\":\"https:\\\/\\\/chasquideportivo.com\\\/ecrt\\\/chantilin-grande-y-juventus-suenan-con-la-copa-libertadores-de-los-barrios\\\/\",\"url\":\"https:\\\/\\\/chasquideportivo.com\\\/ecrt\\\/chantilin-grande-y-juventus-suenan-con-la-copa-libertadores-de-los-barrios\\\/\",\"name\":\"Chantil\u00edn Grande y Juventus sue\u00f1an con la Copa Libertadores de los barrios - ChasquiDeportivo\",\"isPartOf\":{\"@id\":\"https:\\\/\\\/chasquideportivo.com\\\/ecrt\\\/#website\"},\"primaryImageOfPage\":{\"@id\":\"https:\\\/\\\/chasquideportivo.com\\\/ecrt\\\/chantilin-grande-y-juventus-suenan-con-la-copa-libertadores-de-los-barrios\\\/#primaryimage\"},\"image\":{\"@id\":\"https:\\\/\\\/chasquideportivo.com\\\/ecrt\\\/chantilin-grande-y-juventus-suenan-con-la-copa-libertadores-de-los-barrios\\\/#primaryimage\"},\"thumbnailUrl\":\"https:\\\/\\\/chasquideportivo.com\\\/ecrt\\\/wp-content\\\/uploads\\\/2023\\\/09\\\/IMG_1912.jpg\",\"datePublished\":\"2023-09-20T22:47:27+00:00\",\"description\":\"Chasqui Deportivo | Informaci\u00f3n y comunicaci\u00f3n, reportajes, noticias, entrevistas en el \u00e1rea del deporte local, nacional.\",\"breadcrumb\":{\"@id\":\"https:\\\/\\\/chasquideportivo.com\\\/ecrt\\\/chantilin-grande-y-juventus-suenan-con-la-copa-libertadores-de-los-barrios\\\/#breadcrumb\"},\"inLanguage\":\"es\",\"potentialAction\":[{\"@type\":\"ReadAction\",\"target\":[\"https:\\\/\\\/chasquideportivo.com\\\/ecrt\\\/chantilin-grande-y-juventus-suenan-con-la-copa-libertadores-de-los-barrios\\\/\"]}]},{\"@type\":\"ImageObject\",\"inLanguage\":\"es\",\"@id\":\"https:\\\/\\\/chasquideportivo.com\\\/ecrt\\\/chantilin-grande-y-juventus-suenan-con-la-copa-libertadores-de-los-barrios\\\/#primaryimage\",\"url\":\"https:\\\/\\\/chasquideportivo.com\\\/ecrt\\\/wp-content\\\/uploads\\\/2023\\\/09\\\/IMG_1912.jpg\",\"contentUrl\":\"https:\\\/\\\/chasquideportivo.com\\\/ecrt\\\/wp-content\\\/uploads\\\/2023\\\/09\\\/IMG_1912.jpg\",\"width\":1000,\"height\":907},{\"@type\":\"BreadcrumbList\",\"@id\":\"https:\\\/\\\/chasquideportivo.com\\\/ecrt\\\/chantilin-grande-y-juventus-suenan-con-la-copa-libertadores-de-los-barrios\\\/#breadcrumb\",\"itemListElement\":[{\"@type\":\"ListItem\",\"position\":1,\"name\":\"Portada | Chasqui Deportivo\",\"item\":\"https:\\\/\\\/chasquideportivo.com\\\/ecrt\\\/\"},{\"@type\":\"ListItem\",\"position\":2,\"name\":\"Archivo\",\"item\":\"https:\\\/\\\/chasquideportivo.com\\\/ecrt\\\/category\\\/archivo\\\/\"},{\"@type\":\"ListItem\",\"position\":3,\"name\":\"Chasqui Barrial\",\"item\":\"https:\\\/\\\/chasquideportivo.com\\\/ecrt\\\/category\\\/archivo\\\/chasqui-barrial-2\\\/\"},{\"@type\":\"ListItem\",\"position\":4,\"name\":\"Chantil\u00edn Grande y Juventus sue\u00f1an con la Copa Libertadores de los barrios\"}]},{\"@type\":\"WebSite\",\"@id\":\"https:\\\/\\\/chasquideportivo.com\\\/ecrt\\\/#website\",\"url\":\"https:\\\/\\\/chasquideportivo.com\\\/ecrt\\\/\",\"name\":\"ChasquiDeportivo\",\"description\":\"Informaci&oacute;n y comunicaci&oacute;n, reportajes, noticias, entrevistas en el &aacute;rea del deporte local, nacional.\",\"publisher\":{\"@id\":\"https:\\\/\\\/chasquideportivo.com\\\/ecrt\\\/#organization\"},\"potentialAction\":[{\"@type\":\"SearchAction\",\"target\":{\"@type\":\"EntryPoint\",\"urlTemplate\":\"https:\\\/\\\/chasquideportivo.com\\\/ecrt\\\/?s={search_term_string}\"},\"query-input\":{\"@type\":\"PropertyValueSpecification\",\"valueRequired\":true,\"valueName\":\"search_term_string\"}}],\"inLanguage\":\"es\"},{\"@type\":\"Organization\",\"@id\":\"https:\\\/\\\/chasquideportivo.com\\\/ecrt\\\/#organization\",\"name\":\"Chasqui Deportivo\",\"url\":\"https:\\\/\\\/chasquideportivo.com\\\/ecrt\\\/\",\"logo\":{\"@type\":\"ImageObject\",\"inLanguage\":\"es\",\"@id\":\"https:\\\/\\\/chasquideportivo.com\\\/ecrt\\\/#\\\/schema\\\/logo\\\/image\\\/\",\"url\":\"https:\\\/\\\/chasquideportivo.com\\\/ecrt\\\/wp-content\\\/uploads\\\/2022\\\/01\\\/logo-vertical.jpg\",\"contentUrl\":\"https:\\\/\\\/chasquideportivo.com\\\/ecrt\\\/wp-content\\\/uploads\\\/2022\\\/01\\\/logo-vertical.jpg\",\"width\":612,\"height\":750,\"caption\":\"Chasqui Deportivo\"},\"image\":{\"@id\":\"https:\\\/\\\/chasquideportivo.com\\\/ecrt\\\/#\\\/schema\\\/logo\\\/image\\\/\"},\"sameAs\":[\"https:\\\/\\\/www.facebook.com\\\/chasquideportivo\",\"https:\\\/\\\/x.com\\\/chasquidep\",\"https:\\\/\\\/www.instagram.com\\\/chasquideportivo.ec\",\"https:\\\/\\\/www.youtube.com\\\/channel\\\/UCGY8M-csHuxJuGRt4XrV90Q\"]},{\"@type\":\"Person\",\"@id\":\"https:\\\/\\\/chasquideportivo.com\\\/ecrt\\\/#\\\/schema\\\/person\\\/33917d530026e458779161ba37af0135\",\"name\":\"Redacci\u00f3n Chasqui Deportivo\",\"image\":{\"@type\":\"ImageObject\",\"inLanguage\":\"es\",\"@id\":\"https:\\\/\\\/secure.gravatar.com\\\/avatar\\\/7eb0ecd9938a9f50328ab097af6f56b5e3a84cecb09256bdb75ac402bc1d935b?s=96&d=mm&r=g\",\"url\":\"https:\\\/\\\/secure.gravatar.com\\\/avatar\\\/7eb0ecd9938a9f50328ab097af6f56b5e3a84cecb09256bdb75ac402bc1d935b?s=96&d=mm&r=g\",\"contentUrl\":\"https:\\\/\\\/secure.gravatar.com\\\/avatar\\\/7eb0ecd9938a9f50328ab097af6f56b5e3a84cecb09256bdb75ac402bc1d935b?s=96&d=mm&r=g\",\"caption\":\"Redacci\u00f3n Chasqui Deportivo\"},\"sameAs\":[\"http:\\\/\\\/www.chasquideportivo.com\\\/ecrt\"],\"url\":\"https:\\\/\\\/chasquideportivo.com\\\/ecrt\\\/author\\\/cachito\\\/\"}]}<\/script>\n<!-- \/ Yoast SEO plugin. -->","yoast_head_json":{"title":"Chantil\u00edn Grande y Juventus sue\u00f1an con la Copa Libertadores de los barrios - ChasquiDeportivo","description":"Chasqui Deportivo | Informaci\u00f3n y comunicaci\u00f3n, reportajes, noticias, entrevistas en el \u00e1rea del deporte local, nacional.","robots":{"index":"index","follow":"follow","max-snippet":"max-snippet:-1","max-image-preview":"max-image-preview:large","max-video-preview":"max-video-preview:-1"},"canonical":"https:\/\/chasquideportivo.com\/ecrt\/chantilin-grande-y-juventus-suenan-con-la-copa-libertadores-de-los-barrios\/","og_locale":"es_ES","og_type":"article","og_title":"Chantil\u00edn Grande y Juventus sue\u00f1an con la Copa Libertadores de los barrios - ChasquiDeportivo","og_description":"Chasqui Deportivo | Informaci\u00f3n y comunicaci\u00f3n, reportajes, noticias, entrevistas en el \u00e1rea del deporte local, nacional.","og_url":"https:\/\/chasquideportivo.com\/ecrt\/chantilin-grande-y-juventus-suenan-con-la-copa-libertadores-de-los-barrios\/","og_site_name":"ChasquiDeportivo","article_publisher":"https:\/\/www.facebook.com\/chasquideportivo","article_published_time":"2023-09-20T22:47:27+00:00","og_image":[{"width":1000,"height":907,"url":"https:\/\/chasquideportivo.com\/ecrt\/wp-content\/uploads\/2023\/09\/IMG_1912.jpg","type":"image\/jpeg"}],"author":"Redacci\u00f3n Chasqui Deportivo","twitter_card":"summary_large_image","twitter_creator":"@chasquidep","twitter_site":"@chasquidep","twitter_misc":{"Escrito por":"Redacci\u00f3n Chasqui Deportivo","Tiempo de lectura":"2 minutos"},"schema":{"@context":"https:\/\/schema.org","@graph":[{"@type":"Article","@id":"https:\/\/chasquideportivo.com\/ecrt\/chantilin-grande-y-juventus-suenan-con-la-copa-libertadores-de-los-barrios\/#article","isPartOf":{"@id":"https:\/\/chasquideportivo.com\/ecrt\/chantilin-grande-y-juventus-suenan-con-la-copa-libertadores-de-los-barrios\/"},"author":{"name":"Redacci\u00f3n Chasqui Deportivo","@id":"https:\/\/chasquideportivo.com\/ecrt\/#\/schema\/person\/33917d530026e458779161ba37af0135"},"headline":"Chantil\u00edn Grande y Juventus sue\u00f1an con la Copa Libertadores de los barrios","datePublished":"2023-09-20T22:47:27+00:00","mainEntityOfPage":{"@id":"https:\/\/chasquideportivo.com\/ecrt\/chantilin-grande-y-juventus-suenan-con-la-copa-libertadores-de-los-barrios\/"},"wordCount":316,"commentCount":0,"publisher":{"@id":"https:\/\/chasquideportivo.com\/ecrt\/#organization"},"image":{"@id":"https:\/\/chasquideportivo.com\/ecrt\/chantilin-grande-y-juventus-suenan-con-la-copa-libertadores-de-los-barrios\/#primaryimage"},"thumbnailUrl":"https:\/\/chasquideportivo.com\/ecrt\/wp-content\/uploads\/2023\/09\/IMG_1912.jpg","keywords":["Chantil\u00edn Grande y Juventus sue\u00f1an con la Copa Libertadores de los barrios","chasqui deportivo"],"articleSection":["Chasqui Barrial"],"inLanguage":"es","potentialAction":[{"@type":"CommentAction","name":"Comment","target":["https:\/\/chasquideportivo.com\/ecrt\/chantilin-grande-y-juventus-suenan-con-la-copa-libertadores-de-los-barrios\/#respond"]}]},{"@type":"WebPage","@id":"https:\/\/chasquideportivo.com\/ecrt\/chantilin-grande-y-juventus-suenan-con-la-copa-libertadores-de-los-barrios\/","url":"https:\/\/chasquideportivo.com\/ecrt\/chantilin-grande-y-juventus-suenan-con-la-copa-libertadores-de-los-barrios\/","name":"Chantil\u00edn Grande y Juventus sue\u00f1an con la Copa Libertadores de los barrios - ChasquiDeportivo","isPartOf":{"@id":"https:\/\/chasquideportivo.com\/ecrt\/#website"},"primaryImageOfPage":{"@id":"https:\/\/chasquideportivo.com\/ecrt\/chantilin-grande-y-juventus-suenan-con-la-copa-libertadores-de-los-barrios\/#primaryimage"},"image":{"@id":"https:\/\/chasquideportivo.com\/ecrt\/chantilin-grande-y-juventus-suenan-con-la-copa-libertadores-de-los-barrios\/#primaryimage"},"thumbnailUrl":"https:\/\/chasquideportivo.com\/ecrt\/wp-content\/uploads\/2023\/09\/IMG_1912.jpg","datePublished":"2023-09-20T22:47:27+00:00","description":"Chasqui Deportivo | Informaci\u00f3n y comunicaci\u00f3n, reportajes, noticias, entrevistas en el \u00e1rea del deporte local, nacional.","breadcrumb":{"@id":"https:\/\/chasquideportivo.com\/ecrt\/chantilin-grande-y-juventus-suenan-con-la-copa-libertadores-de-los-barrios\/#breadcrumb"},"inLanguage":"es","potentialAction":[{"@type":"ReadAction","target":["https:\/\/chasquideportivo.com\/ecrt\/chantilin-grande-y-juventus-suenan-con-la-copa-libertadores-de-los-barrios\/"]}]},{"@type":"ImageObject","inLanguage":"es","@id":"https:\/\/chasquideportivo.com\/ecrt\/chantilin-grande-y-juventus-suenan-con-la-copa-libertadores-de-los-barrios\/#primaryimage","url":"https:\/\/chasquideportivo.com\/ecrt\/wp-content\/uploads\/2023\/09\/IMG_1912.jpg","contentUrl":"https:\/\/chasquideportivo.com\/ecrt\/wp-content\/uploads\/2023\/09\/IMG_1912.jpg","width":1000,"height":907},{"@type":"BreadcrumbList","@id":"https:\/\/chasquideportivo.com\/ecrt\/chantilin-grande-y-juventus-suenan-con-la-copa-libertadores-de-los-barrios\/#breadcrumb","itemListElement":[{"@type":"ListItem","position":1,"name":"Portada | Chasqui Deportivo","item":"https:\/\/chasquideportivo.com\/ecrt\/"},{"@type":"ListItem","position":2,"name":"Archivo","item":"https:\/\/chasquideportivo.com\/ecrt\/category\/archivo\/"},{"@type":"ListItem","position":3,"name":"Chasqui Barrial","item":"https:\/\/chasquideportivo.com\/ecrt\/category\/archivo\/chasqui-barrial-2\/"},{"@type":"ListItem","position":4,"name":"Chantil\u00edn Grande y Juventus sue\u00f1an con la Copa Libertadores de los barrios"}]},{"@type":"WebSite","@id":"https:\/\/chasquideportivo.com\/ecrt\/#website","url":"https:\/\/chasquideportivo.com\/ecrt\/","name":"ChasquiDeportivo","description":"Informaci&oacute;n y comunicaci&oacute;n, reportajes, noticias, entrevistas en el &aacute;rea del deporte local, nacional.","publisher":{"@id":"https:\/\/chasquideportivo.com\/ecrt\/#organization"},"potentialAction":[{"@type":"SearchAction","target":{"@type":"EntryPoint","urlTemplate":"https:\/\/chasquideportivo.com\/ecrt\/?s={search_term_string}"},"query-input":{"@type":"PropertyValueSpecification","valueRequired":true,"valueName":"search_term_string"}}],"inLanguage":"es"},{"@type":"Organization","@id":"https:\/\/chasquideportivo.com\/ecrt\/#organization","name":"Chasqui Deportivo","url":"https:\/\/chasquideportivo.com\/ecrt\/","logo":{"@type":"ImageObject","inLanguage":"es","@id":"https:\/\/chasquideportivo.com\/ecrt\/#\/schema\/logo\/image\/","url":"https:\/\/chasquideportivo.com\/ecrt\/wp-content\/uploads\/2022\/01\/logo-vertical.jpg","contentUrl":"https:\/\/chasquideportivo.com\/ecrt\/wp-content\/uploads\/2022\/01\/logo-vertical.jpg","width":612,"height":750,"caption":"Chasqui Deportivo"},"image":{"@id":"https:\/\/chasquideportivo.com\/ecrt\/#\/schema\/logo\/image\/"},"sameAs":["https:\/\/www.facebook.com\/chasquideportivo","https:\/\/x.com\/chasquidep","https:\/\/www.instagram.com\/chasquideportivo.ec","https:\/\/www.youtube.com\/channel\/UCGY8M-csHuxJuGRt4XrV90Q"]},{"@type":"Person","@id":"https:\/\/chasquideportivo.com\/ecrt\/#\/schema\/person\/33917d530026e458779161ba37af0135","name":"Redacci\u00f3n Chasqui Deportivo","image":{"@type":"ImageObject","inLanguage":"es","@id":"https:\/\/secure.gravatar.com\/avatar\/7eb0ecd9938a9f50328ab097af6f56b5e3a84cecb09256bdb75ac402bc1d935b?s=96&d=mm&r=g","url":"https:\/\/secure.gravatar.com\/avatar\/7eb0ecd9938a9f50328ab097af6f56b5e3a84cecb09256bdb75ac402bc1d935b?s=96&d=mm&r=g","contentUrl":"https:\/\/secure.gravatar.com\/avatar\/7eb0ecd9938a9f50328ab097af6f56b5e3a84cecb09256bdb75ac402bc1d935b?s=96&d=mm&r=g","caption":"Redacci\u00f3n Chasqui Deportivo"},"sameAs":["http:\/\/www.chasquideportivo.com\/ecrt"],"url":"https:\/\/chasquideportivo.com\/ecrt\/author\/cachito\/"}]}},"_links":{"self":[{"href":"https:\/\/chasquideportivo.com\/ecrt\/wp-json\/wp\/v2\/posts\/13245","targetHints":{"allow":["GET"]}}],"collection":[{"href":"https:\/\/chasquideportivo.com\/ecrt\/wp-json\/wp\/v2\/posts"}],"about":[{"href":"https:\/\/chasquideportivo.com\/ecrt\/wp-json\/wp\/v2\/types\/post"}],"author":[{"embeddable":true,"href":"https:\/\/chasquideportivo.com\/ecrt\/wp-json\/wp\/v2\/users\/2"}],"replies":[{"embeddable":true,"href":"https:\/\/chasquideportivo.com\/ecrt\/wp-json\/wp\/v2\/comments?post=13245"}],"version-history":[{"count":1,"href":"https:\/\/chasquideportivo.com\/ecrt\/wp-json\/wp\/v2\/posts\/13245\/revisions"}],"predecessor-version":[{"id":13247,"href":"https:\/\/chasquideportivo.com\/ecrt\/wp-json\/wp\/v2\/posts\/13245\/revisions\/13247"}],"wp:featuredmedia":[{"embeddable":true,"href":"https:\/\/chasquideportivo.com\/ecrt\/wp-json\/wp\/v2\/media\/13246"}],"wp:attachment":[{"href":"https:\/\/chasquideportivo.com\/ecrt\/wp-json\/wp\/v2\/media?parent=13245"}],"wp:term":[{"taxonomy":"category","embeddable":true,"href":"https:\/\/chasquideportivo.com\/ecrt\/wp-json\/wp\/v2\/categories?post=13245"},{"taxonomy":"post_tag","embeddable":true,"href":"https:\/\/chasquideportivo.com\/ecrt\/wp-json\/wp\/v2\/tags?post=13245"}],"curies":[{"name":"wp","href":"https:\/\/api.w.org\/{rel}","templated":true}]}}