{"id":13231,"date":"2023-09-19T00:17:31","date_gmt":"2023-09-19T00:17:31","guid":{"rendered":"https:\/\/chasquideportivo.com\/ecrt\/?p=13231"},"modified":"2023-09-19T00:18:18","modified_gmt":"2023-09-19T00:18:18","slug":"liga-liga-san-juan-celebro-sesenta-y-siete-anos-de-juego-recreacion-y-lucha-en-bien-del-sector","status":"publish","type":"post","link":"https:\/\/chasquideportivo.com\/ecrt\/liga-liga-san-juan-celebro-sesenta-y-siete-anos-de-juego-recreacion-y-lucha-en-bien-del-sector\/","title":{"rendered":"Liga San Juan celebr\u00f3 sesenta y siete a\u00f1os de juego, recreaci\u00f3n y lucha en bien del sector"},"content":{"rendered":"<p>Entre recuerdos, nostalgia, abrazos y reconocimientos se festej\u00f3 el aniversario 67 de la liga, San Juan. Jacinto Ar\u00e9valo, presidente de la Federaci\u00f3n de Ligas de Quito, comulgo junto a la dirigencia, el cumplea\u00f1os en familia. La dirigencia que aport\u00f3 para la superaci\u00f3n de la liga fue reconocida en la sesi\u00f3n solemne. <!--more--><br \/>\nUn 16 de septiembre de 1956 se fund\u00f3, Liga San Juan en la parte alta del centro de Quito, rodeada de naturaleza, los guambras de ese entonces empezaron a correr tras la pelota para marcar goles en los arcos de madera. La alegr\u00eda, la ilusi\u00f3n y la habilidad con el bal\u00f3n dieron origen a los equipos como Nacional, Bogot\u00e1 entre otros para dar inicio al balompi\u00e9 organizado en el sector. <img loading=\"lazy\" decoding=\"async\" class=\"size-medium wp-image-13232 alignleft\" src=\"https:\/\/chasquideportivo.com\/ecrt\/wp-content\/uploads\/2023\/09\/placa-flq-300x243.jpg\" alt=\"\" width=\"300\" height=\"243\" \/><br \/>\nHan transcurrido 67 a\u00f1os de vida institucional y ahora la liga cuenta con un estadio, coliseo, sede social, gracias al esfuerzo y la gesti\u00f3n de los dirigentes que sumaron esfuerzos durante estos a\u00f1os para lograr estos beneficios para la comunidad.<br \/>\nEl presidente actual de la liga, Wilman Garc\u00eda dio la bienvenida a las principales autoridades, invitados y a los clubes filiales a la liga. La sesi\u00f3n solemne tuvo la presencia del presidente de la Federaci\u00f3n de Ligas de Quito, Jacinto Ar\u00e9valo, quien destac\u00f3 la historia, la trascendencia de la organizaci\u00f3n deportiva en la estructura del deporte barrial y de la sociedad.<br \/>\nDurante la sesi\u00f3n solemne se entreg\u00f3 reconocimientos a los ex directivos de la instituci\u00f3n, se\u00f1ores: Hugo Chuquer, Luis Morales, Atahualpa Flores, Gustavo Mart\u00ednez, Gonzalo Flores, Miguel Viteri, Vicente L\u00f3pez.<\/p>\n<p>&nbsp;<\/p>\n","protected":false},"excerpt":{"rendered":"<p>Entre recuerdos, nostalgia, abrazos y reconocimientos se festej\u00f3 el aniversario 67 de la liga, San Juan. Jacinto Ar\u00e9valo, presidente de la Federaci\u00f3n de Ligas de Quito, comulgo junto a la dirigencia, el cumplea\u00f1os en familia. La dirigencia que aport\u00f3 para la superaci\u00f3n de la liga fue reconocida en la sesi\u00f3n solemne.<\/p>\n","protected":false},"author":2,"featured_media":13232,"comment_status":"open","ping_status":"open","sticky":false,"template":"","format":"standard","meta":{"_et_pb_use_builder":"","_et_pb_old_content":"","_et_gb_content_width":"","footnotes":""},"categories":[56],"tags":[22,1093,1094],"class_list":["post-13231","post","type-post","status-publish","format-standard","has-post-thumbnail","hentry","category-chasqui-barrial-2","tag-chasqui-deportivo","tag-liga-san-juan-celebro-sesenta-y-siete-anos-de-juego","tag-recreacion-y-lucha-en-bien-del-sector"],"yoast_head":"<!-- This site is optimized with the Yoast SEO plugin v27.4 - https:\/\/yoast.com\/product\/yoast-seo-wordpress\/ -->\n<title>Liga San Juan celebr\u00f3 sesenta y siete a\u00f1os de juego, recreaci\u00f3n y lucha en bien del sector - ChasquiDeportivo<\/title>\n<meta name=\"description\" content=\"Chasqui Deportivo | Informaci\u00f3n y comunicaci\u00f3n, reportajes, noticias, entrevistas en el \u00e1rea del deporte local, nacional.\" \/>\n<meta name=\"robots\" content=\"index, follow, max-snippet:-1, max-image-preview:large, max-video-preview:-1\" \/>\n<link rel=\"canonical\" href=\"https:\/\/chasquideportivo.com\/ecrt\/liga-liga-san-juan-celebro-sesenta-y-siete-anos-de-juego-recreacion-y-lucha-en-bien-del-sector\/\" \/>\n<meta property=\"og:locale\" content=\"es_ES\" \/>\n<meta property=\"og:type\" content=\"article\" \/>\n<meta property=\"og:title\" content=\"Liga San Juan celebr\u00f3 sesenta y siete a\u00f1os de juego, recreaci\u00f3n y lucha en bien del sector - ChasquiDeportivo\" \/>\n<meta property=\"og:description\" content=\"Chasqui Deportivo | Informaci\u00f3n y comunicaci\u00f3n, reportajes, noticias, entrevistas en el \u00e1rea del deporte local, nacional.\" \/>\n<meta property=\"og:url\" content=\"https:\/\/chasquideportivo.com\/ecrt\/liga-liga-san-juan-celebro-sesenta-y-siete-anos-de-juego-recreacion-y-lucha-en-bien-del-sector\/\" \/>\n<meta property=\"og:site_name\" content=\"ChasquiDeportivo\" \/>\n<meta property=\"article:publisher\" content=\"https:\/\/www.facebook.com\/chasquideportivo\" \/>\n<meta property=\"article:published_time\" content=\"2023-09-19T00:17:31+00:00\" \/>\n<meta property=\"article:modified_time\" content=\"2023-09-19T00:18:18+00:00\" \/>\n<meta property=\"og:image\" content=\"https:\/\/chasquideportivo.com\/ecrt\/wp-content\/uploads\/2023\/09\/placa-flq.jpg\" \/>\n\t<meta property=\"og:image:width\" content=\"1000\" \/>\n\t<meta property=\"og:image:height\" content=\"809\" \/>\n\t<meta property=\"og:image:type\" content=\"image\/jpeg\" \/>\n<meta name=\"author\" content=\"Redacci\u00f3n Chasqui Deportivo\" \/>\n<meta name=\"twitter:card\" content=\"summary_large_image\" \/>\n<meta name=\"twitter:creator\" content=\"@chasquidep\" \/>\n<meta name=\"twitter:site\" content=\"@chasquidep\" \/>\n<meta name=\"twitter:label1\" content=\"Escrito por\" \/>\n\t<meta name=\"twitter:data1\" content=\"Redacci\u00f3n Chasqui Deportivo\" \/>\n\t<meta name=\"twitter:label2\" content=\"Tiempo de lectura\" \/>\n\t<meta name=\"twitter:data2\" content=\"2 minutos\" \/>\n<script type=\"application\/ld+json\" class=\"yoast-schema-graph\">{\"@context\":\"https:\\\/\\\/schema.org\",\"@graph\":[{\"@type\":\"Article\",\"@id\":\"https:\\\/\\\/chasquideportivo.com\\\/ecrt\\\/liga-liga-san-juan-celebro-sesenta-y-siete-anos-de-juego-recreacion-y-lucha-en-bien-del-sector\\\/#article\",\"isPartOf\":{\"@id\":\"https:\\\/\\\/chasquideportivo.com\\\/ecrt\\\/liga-liga-san-juan-celebro-sesenta-y-siete-anos-de-juego-recreacion-y-lucha-en-bien-del-sector\\\/\"},\"author\":{\"name\":\"Redacci\u00f3n Chasqui Deportivo\",\"@id\":\"https:\\\/\\\/chasquideportivo.com\\\/ecrt\\\/#\\\/schema\\\/person\\\/33917d530026e458779161ba37af0135\"},\"headline\":\"Liga San Juan celebr\u00f3 sesenta y siete a\u00f1os de juego, recreaci\u00f3n y lucha en bien del sector\",\"datePublished\":\"2023-09-19T00:17:31+00:00\",\"dateModified\":\"2023-09-19T00:18:18+00:00\",\"mainEntityOfPage\":{\"@id\":\"https:\\\/\\\/chasquideportivo.com\\\/ecrt\\\/liga-liga-san-juan-celebro-sesenta-y-siete-anos-de-juego-recreacion-y-lucha-en-bien-del-sector\\\/\"},\"wordCount\":288,\"commentCount\":0,\"publisher\":{\"@id\":\"https:\\\/\\\/chasquideportivo.com\\\/ecrt\\\/#organization\"},\"image\":{\"@id\":\"https:\\\/\\\/chasquideportivo.com\\\/ecrt\\\/liga-liga-san-juan-celebro-sesenta-y-siete-anos-de-juego-recreacion-y-lucha-en-bien-del-sector\\\/#primaryimage\"},\"thumbnailUrl\":\"https:\\\/\\\/chasquideportivo.com\\\/ecrt\\\/wp-content\\\/uploads\\\/2023\\\/09\\\/placa-flq.jpg\",\"keywords\":[\"chasqui deportivo\",\"Liga San Juan celebr\u00f3 sesenta y siete a\u00f1os de juego\",\"recreaci\u00f3n y lucha en bien del sector\"],\"articleSection\":[\"Chasqui Barrial\"],\"inLanguage\":\"es\",\"potentialAction\":[{\"@type\":\"CommentAction\",\"name\":\"Comment\",\"target\":[\"https:\\\/\\\/chasquideportivo.com\\\/ecrt\\\/liga-liga-san-juan-celebro-sesenta-y-siete-anos-de-juego-recreacion-y-lucha-en-bien-del-sector\\\/#respond\"]}]},{\"@type\":\"WebPage\",\"@id\":\"https:\\\/\\\/chasquideportivo.com\\\/ecrt\\\/liga-liga-san-juan-celebro-sesenta-y-siete-anos-de-juego-recreacion-y-lucha-en-bien-del-sector\\\/\",\"url\":\"https:\\\/\\\/chasquideportivo.com\\\/ecrt\\\/liga-liga-san-juan-celebro-sesenta-y-siete-anos-de-juego-recreacion-y-lucha-en-bien-del-sector\\\/\",\"name\":\"Liga San Juan celebr\u00f3 sesenta y siete a\u00f1os de juego, recreaci\u00f3n y lucha en bien del sector - ChasquiDeportivo\",\"isPartOf\":{\"@id\":\"https:\\\/\\\/chasquideportivo.com\\\/ecrt\\\/#website\"},\"primaryImageOfPage\":{\"@id\":\"https:\\\/\\\/chasquideportivo.com\\\/ecrt\\\/liga-liga-san-juan-celebro-sesenta-y-siete-anos-de-juego-recreacion-y-lucha-en-bien-del-sector\\\/#primaryimage\"},\"image\":{\"@id\":\"https:\\\/\\\/chasquideportivo.com\\\/ecrt\\\/liga-liga-san-juan-celebro-sesenta-y-siete-anos-de-juego-recreacion-y-lucha-en-bien-del-sector\\\/#primaryimage\"},\"thumbnailUrl\":\"https:\\\/\\\/chasquideportivo.com\\\/ecrt\\\/wp-content\\\/uploads\\\/2023\\\/09\\\/placa-flq.jpg\",\"datePublished\":\"2023-09-19T00:17:31+00:00\",\"dateModified\":\"2023-09-19T00:18:18+00:00\",\"description\":\"Chasqui Deportivo | Informaci\u00f3n y comunicaci\u00f3n, reportajes, noticias, entrevistas en el \u00e1rea del deporte local, nacional.\",\"breadcrumb\":{\"@id\":\"https:\\\/\\\/chasquideportivo.com\\\/ecrt\\\/liga-liga-san-juan-celebro-sesenta-y-siete-anos-de-juego-recreacion-y-lucha-en-bien-del-sector\\\/#breadcrumb\"},\"inLanguage\":\"es\",\"potentialAction\":[{\"@type\":\"ReadAction\",\"target\":[\"https:\\\/\\\/chasquideportivo.com\\\/ecrt\\\/liga-liga-san-juan-celebro-sesenta-y-siete-anos-de-juego-recreacion-y-lucha-en-bien-del-sector\\\/\"]}]},{\"@type\":\"ImageObject\",\"inLanguage\":\"es\",\"@id\":\"https:\\\/\\\/chasquideportivo.com\\\/ecrt\\\/liga-liga-san-juan-celebro-sesenta-y-siete-anos-de-juego-recreacion-y-lucha-en-bien-del-sector\\\/#primaryimage\",\"url\":\"https:\\\/\\\/chasquideportivo.com\\\/ecrt\\\/wp-content\\\/uploads\\\/2023\\\/09\\\/placa-flq.jpg\",\"contentUrl\":\"https:\\\/\\\/chasquideportivo.com\\\/ecrt\\\/wp-content\\\/uploads\\\/2023\\\/09\\\/placa-flq.jpg\",\"width\":1000,\"height\":809},{\"@type\":\"BreadcrumbList\",\"@id\":\"https:\\\/\\\/chasquideportivo.com\\\/ecrt\\\/liga-liga-san-juan-celebro-sesenta-y-siete-anos-de-juego-recreacion-y-lucha-en-bien-del-sector\\\/#breadcrumb\",\"itemListElement\":[{\"@type\":\"ListItem\",\"position\":1,\"name\":\"Portada | Chasqui Deportivo\",\"item\":\"https:\\\/\\\/chasquideportivo.com\\\/ecrt\\\/\"},{\"@type\":\"ListItem\",\"position\":2,\"name\":\"Archivo\",\"item\":\"https:\\\/\\\/chasquideportivo.com\\\/ecrt\\\/category\\\/archivo\\\/\"},{\"@type\":\"ListItem\",\"position\":3,\"name\":\"Chasqui Barrial\",\"item\":\"https:\\\/\\\/chasquideportivo.com\\\/ecrt\\\/category\\\/archivo\\\/chasqui-barrial-2\\\/\"},{\"@type\":\"ListItem\",\"position\":4,\"name\":\"Liga San Juan celebr\u00f3 sesenta y siete a\u00f1os de juego, recreaci\u00f3n y lucha en bien del sector\"}]},{\"@type\":\"WebSite\",\"@id\":\"https:\\\/\\\/chasquideportivo.com\\\/ecrt\\\/#website\",\"url\":\"https:\\\/\\\/chasquideportivo.com\\\/ecrt\\\/\",\"name\":\"ChasquiDeportivo\",\"description\":\"Informaci&oacute;n y comunicaci&oacute;n, reportajes, noticias, entrevistas en el &aacute;rea del deporte local, nacional.\",\"publisher\":{\"@id\":\"https:\\\/\\\/chasquideportivo.com\\\/ecrt\\\/#organization\"},\"potentialAction\":[{\"@type\":\"SearchAction\",\"target\":{\"@type\":\"EntryPoint\",\"urlTemplate\":\"https:\\\/\\\/chasquideportivo.com\\\/ecrt\\\/?s={search_term_string}\"},\"query-input\":{\"@type\":\"PropertyValueSpecification\",\"valueRequired\":true,\"valueName\":\"search_term_string\"}}],\"inLanguage\":\"es\"},{\"@type\":\"Organization\",\"@id\":\"https:\\\/\\\/chasquideportivo.com\\\/ecrt\\\/#organization\",\"name\":\"Chasqui Deportivo\",\"url\":\"https:\\\/\\\/chasquideportivo.com\\\/ecrt\\\/\",\"logo\":{\"@type\":\"ImageObject\",\"inLanguage\":\"es\",\"@id\":\"https:\\\/\\\/chasquideportivo.com\\\/ecrt\\\/#\\\/schema\\\/logo\\\/image\\\/\",\"url\":\"https:\\\/\\\/chasquideportivo.com\\\/ecrt\\\/wp-content\\\/uploads\\\/2022\\\/01\\\/logo-vertical.jpg\",\"contentUrl\":\"https:\\\/\\\/chasquideportivo.com\\\/ecrt\\\/wp-content\\\/uploads\\\/2022\\\/01\\\/logo-vertical.jpg\",\"width\":612,\"height\":750,\"caption\":\"Chasqui Deportivo\"},\"image\":{\"@id\":\"https:\\\/\\\/chasquideportivo.com\\\/ecrt\\\/#\\\/schema\\\/logo\\\/image\\\/\"},\"sameAs\":[\"https:\\\/\\\/www.facebook.com\\\/chasquideportivo\",\"https:\\\/\\\/x.com\\\/chasquidep\",\"https:\\\/\\\/www.instagram.com\\\/chasquideportivo.ec\",\"https:\\\/\\\/www.youtube.com\\\/channel\\\/UCGY8M-csHuxJuGRt4XrV90Q\"]},{\"@type\":\"Person\",\"@id\":\"https:\\\/\\\/chasquideportivo.com\\\/ecrt\\\/#\\\/schema\\\/person\\\/33917d530026e458779161ba37af0135\",\"name\":\"Redacci\u00f3n Chasqui Deportivo\",\"image\":{\"@type\":\"ImageObject\",\"inLanguage\":\"es\",\"@id\":\"https:\\\/\\\/secure.gravatar.com\\\/avatar\\\/7eb0ecd9938a9f50328ab097af6f56b5e3a84cecb09256bdb75ac402bc1d935b?s=96&d=mm&r=g\",\"url\":\"https:\\\/\\\/secure.gravatar.com\\\/avatar\\\/7eb0ecd9938a9f50328ab097af6f56b5e3a84cecb09256bdb75ac402bc1d935b?s=96&d=mm&r=g\",\"contentUrl\":\"https:\\\/\\\/secure.gravatar.com\\\/avatar\\\/7eb0ecd9938a9f50328ab097af6f56b5e3a84cecb09256bdb75ac402bc1d935b?s=96&d=mm&r=g\",\"caption\":\"Redacci\u00f3n Chasqui Deportivo\"},\"sameAs\":[\"http:\\\/\\\/www.chasquideportivo.com\\\/ecrt\"],\"url\":\"https:\\\/\\\/chasquideportivo.com\\\/ecrt\\\/author\\\/cachito\\\/\"}]}<\/script>\n<!-- \/ Yoast SEO plugin. -->","yoast_head_json":{"title":"Liga San Juan celebr\u00f3 sesenta y siete a\u00f1os de juego, recreaci\u00f3n y lucha en bien del sector - ChasquiDeportivo","description":"Chasqui Deportivo | Informaci\u00f3n y comunicaci\u00f3n, reportajes, noticias, entrevistas en el \u00e1rea del deporte local, nacional.","robots":{"index":"index","follow":"follow","max-snippet":"max-snippet:-1","max-image-preview":"max-image-preview:large","max-video-preview":"max-video-preview:-1"},"canonical":"https:\/\/chasquideportivo.com\/ecrt\/liga-liga-san-juan-celebro-sesenta-y-siete-anos-de-juego-recreacion-y-lucha-en-bien-del-sector\/","og_locale":"es_ES","og_type":"article","og_title":"Liga San Juan celebr\u00f3 sesenta y siete a\u00f1os de juego, recreaci\u00f3n y lucha en bien del sector - ChasquiDeportivo","og_description":"Chasqui Deportivo | Informaci\u00f3n y comunicaci\u00f3n, reportajes, noticias, entrevistas en el \u00e1rea del deporte local, nacional.","og_url":"https:\/\/chasquideportivo.com\/ecrt\/liga-liga-san-juan-celebro-sesenta-y-siete-anos-de-juego-recreacion-y-lucha-en-bien-del-sector\/","og_site_name":"ChasquiDeportivo","article_publisher":"https:\/\/www.facebook.com\/chasquideportivo","article_published_time":"2023-09-19T00:17:31+00:00","article_modified_time":"2023-09-19T00:18:18+00:00","og_image":[{"width":1000,"height":809,"url":"https:\/\/chasquideportivo.com\/ecrt\/wp-content\/uploads\/2023\/09\/placa-flq.jpg","type":"image\/jpeg"}],"author":"Redacci\u00f3n Chasqui Deportivo","twitter_card":"summary_large_image","twitter_creator":"@chasquidep","twitter_site":"@chasquidep","twitter_misc":{"Escrito por":"Redacci\u00f3n Chasqui Deportivo","Tiempo de lectura":"2 minutos"},"schema":{"@context":"https:\/\/schema.org","@graph":[{"@type":"Article","@id":"https:\/\/chasquideportivo.com\/ecrt\/liga-liga-san-juan-celebro-sesenta-y-siete-anos-de-juego-recreacion-y-lucha-en-bien-del-sector\/#article","isPartOf":{"@id":"https:\/\/chasquideportivo.com\/ecrt\/liga-liga-san-juan-celebro-sesenta-y-siete-anos-de-juego-recreacion-y-lucha-en-bien-del-sector\/"},"author":{"name":"Redacci\u00f3n Chasqui Deportivo","@id":"https:\/\/chasquideportivo.com\/ecrt\/#\/schema\/person\/33917d530026e458779161ba37af0135"},"headline":"Liga San Juan celebr\u00f3 sesenta y siete a\u00f1os de juego, recreaci\u00f3n y lucha en bien del sector","datePublished":"2023-09-19T00:17:31+00:00","dateModified":"2023-09-19T00:18:18+00:00","mainEntityOfPage":{"@id":"https:\/\/chasquideportivo.com\/ecrt\/liga-liga-san-juan-celebro-sesenta-y-siete-anos-de-juego-recreacion-y-lucha-en-bien-del-sector\/"},"wordCount":288,"commentCount":0,"publisher":{"@id":"https:\/\/chasquideportivo.com\/ecrt\/#organization"},"image":{"@id":"https:\/\/chasquideportivo.com\/ecrt\/liga-liga-san-juan-celebro-sesenta-y-siete-anos-de-juego-recreacion-y-lucha-en-bien-del-sector\/#primaryimage"},"thumbnailUrl":"https:\/\/chasquideportivo.com\/ecrt\/wp-content\/uploads\/2023\/09\/placa-flq.jpg","keywords":["chasqui deportivo","Liga San Juan celebr\u00f3 sesenta y siete a\u00f1os de juego","recreaci\u00f3n y lucha en bien del sector"],"articleSection":["Chasqui Barrial"],"inLanguage":"es","potentialAction":[{"@type":"CommentAction","name":"Comment","target":["https:\/\/chasquideportivo.com\/ecrt\/liga-liga-san-juan-celebro-sesenta-y-siete-anos-de-juego-recreacion-y-lucha-en-bien-del-sector\/#respond"]}]},{"@type":"WebPage","@id":"https:\/\/chasquideportivo.com\/ecrt\/liga-liga-san-juan-celebro-sesenta-y-siete-anos-de-juego-recreacion-y-lucha-en-bien-del-sector\/","url":"https:\/\/chasquideportivo.com\/ecrt\/liga-liga-san-juan-celebro-sesenta-y-siete-anos-de-juego-recreacion-y-lucha-en-bien-del-sector\/","name":"Liga San Juan celebr\u00f3 sesenta y siete a\u00f1os de juego, recreaci\u00f3n y lucha en bien del sector - ChasquiDeportivo","isPartOf":{"@id":"https:\/\/chasquideportivo.com\/ecrt\/#website"},"primaryImageOfPage":{"@id":"https:\/\/chasquideportivo.com\/ecrt\/liga-liga-san-juan-celebro-sesenta-y-siete-anos-de-juego-recreacion-y-lucha-en-bien-del-sector\/#primaryimage"},"image":{"@id":"https:\/\/chasquideportivo.com\/ecrt\/liga-liga-san-juan-celebro-sesenta-y-siete-anos-de-juego-recreacion-y-lucha-en-bien-del-sector\/#primaryimage"},"thumbnailUrl":"https:\/\/chasquideportivo.com\/ecrt\/wp-content\/uploads\/2023\/09\/placa-flq.jpg","datePublished":"2023-09-19T00:17:31+00:00","dateModified":"2023-09-19T00:18:18+00:00","description":"Chasqui Deportivo | Informaci\u00f3n y comunicaci\u00f3n, reportajes, noticias, entrevistas en el \u00e1rea del deporte local, nacional.","breadcrumb":{"@id":"https:\/\/chasquideportivo.com\/ecrt\/liga-liga-san-juan-celebro-sesenta-y-siete-anos-de-juego-recreacion-y-lucha-en-bien-del-sector\/#breadcrumb"},"inLanguage":"es","potentialAction":[{"@type":"ReadAction","target":["https:\/\/chasquideportivo.com\/ecrt\/liga-liga-san-juan-celebro-sesenta-y-siete-anos-de-juego-recreacion-y-lucha-en-bien-del-sector\/"]}]},{"@type":"ImageObject","inLanguage":"es","@id":"https:\/\/chasquideportivo.com\/ecrt\/liga-liga-san-juan-celebro-sesenta-y-siete-anos-de-juego-recreacion-y-lucha-en-bien-del-sector\/#primaryimage","url":"https:\/\/chasquideportivo.com\/ecrt\/wp-content\/uploads\/2023\/09\/placa-flq.jpg","contentUrl":"https:\/\/chasquideportivo.com\/ecrt\/wp-content\/uploads\/2023\/09\/placa-flq.jpg","width":1000,"height":809},{"@type":"BreadcrumbList","@id":"https:\/\/chasquideportivo.com\/ecrt\/liga-liga-san-juan-celebro-sesenta-y-siete-anos-de-juego-recreacion-y-lucha-en-bien-del-sector\/#breadcrumb","itemListElement":[{"@type":"ListItem","position":1,"name":"Portada | Chasqui Deportivo","item":"https:\/\/chasquideportivo.com\/ecrt\/"},{"@type":"ListItem","position":2,"name":"Archivo","item":"https:\/\/chasquideportivo.com\/ecrt\/category\/archivo\/"},{"@type":"ListItem","position":3,"name":"Chasqui Barrial","item":"https:\/\/chasquideportivo.com\/ecrt\/category\/archivo\/chasqui-barrial-2\/"},{"@type":"ListItem","position":4,"name":"Liga San Juan celebr\u00f3 sesenta y siete a\u00f1os de juego, recreaci\u00f3n y lucha en bien del sector"}]},{"@type":"WebSite","@id":"https:\/\/chasquideportivo.com\/ecrt\/#website","url":"https:\/\/chasquideportivo.com\/ecrt\/","name":"ChasquiDeportivo","description":"Informaci&oacute;n y comunicaci&oacute;n, reportajes, noticias, entrevistas en el &aacute;rea del deporte local, nacional.","publisher":{"@id":"https:\/\/chasquideportivo.com\/ecrt\/#organization"},"potentialAction":[{"@type":"SearchAction","target":{"@type":"EntryPoint","urlTemplate":"https:\/\/chasquideportivo.com\/ecrt\/?s={search_term_string}"},"query-input":{"@type":"PropertyValueSpecification","valueRequired":true,"valueName":"search_term_string"}}],"inLanguage":"es"},{"@type":"Organization","@id":"https:\/\/chasquideportivo.com\/ecrt\/#organization","name":"Chasqui Deportivo","url":"https:\/\/chasquideportivo.com\/ecrt\/","logo":{"@type":"ImageObject","inLanguage":"es","@id":"https:\/\/chasquideportivo.com\/ecrt\/#\/schema\/logo\/image\/","url":"https:\/\/chasquideportivo.com\/ecrt\/wp-content\/uploads\/2022\/01\/logo-vertical.jpg","contentUrl":"https:\/\/chasquideportivo.com\/ecrt\/wp-content\/uploads\/2022\/01\/logo-vertical.jpg","width":612,"height":750,"caption":"Chasqui Deportivo"},"image":{"@id":"https:\/\/chasquideportivo.com\/ecrt\/#\/schema\/logo\/image\/"},"sameAs":["https:\/\/www.facebook.com\/chasquideportivo","https:\/\/x.com\/chasquidep","https:\/\/www.instagram.com\/chasquideportivo.ec","https:\/\/www.youtube.com\/channel\/UCGY8M-csHuxJuGRt4XrV90Q"]},{"@type":"Person","@id":"https:\/\/chasquideportivo.com\/ecrt\/#\/schema\/person\/33917d530026e458779161ba37af0135","name":"Redacci\u00f3n Chasqui Deportivo","image":{"@type":"ImageObject","inLanguage":"es","@id":"https:\/\/secure.gravatar.com\/avatar\/7eb0ecd9938a9f50328ab097af6f56b5e3a84cecb09256bdb75ac402bc1d935b?s=96&d=mm&r=g","url":"https:\/\/secure.gravatar.com\/avatar\/7eb0ecd9938a9f50328ab097af6f56b5e3a84cecb09256bdb75ac402bc1d935b?s=96&d=mm&r=g","contentUrl":"https:\/\/secure.gravatar.com\/avatar\/7eb0ecd9938a9f50328ab097af6f56b5e3a84cecb09256bdb75ac402bc1d935b?s=96&d=mm&r=g","caption":"Redacci\u00f3n Chasqui Deportivo"},"sameAs":["http:\/\/www.chasquideportivo.com\/ecrt"],"url":"https:\/\/chasquideportivo.com\/ecrt\/author\/cachito\/"}]}},"_links":{"self":[{"href":"https:\/\/chasquideportivo.com\/ecrt\/wp-json\/wp\/v2\/posts\/13231","targetHints":{"allow":["GET"]}}],"collection":[{"href":"https:\/\/chasquideportivo.com\/ecrt\/wp-json\/wp\/v2\/posts"}],"about":[{"href":"https:\/\/chasquideportivo.com\/ecrt\/wp-json\/wp\/v2\/types\/post"}],"author":[{"embeddable":true,"href":"https:\/\/chasquideportivo.com\/ecrt\/wp-json\/wp\/v2\/users\/2"}],"replies":[{"embeddable":true,"href":"https:\/\/chasquideportivo.com\/ecrt\/wp-json\/wp\/v2\/comments?post=13231"}],"version-history":[{"count":2,"href":"https:\/\/chasquideportivo.com\/ecrt\/wp-json\/wp\/v2\/posts\/13231\/revisions"}],"predecessor-version":[{"id":13234,"href":"https:\/\/chasquideportivo.com\/ecrt\/wp-json\/wp\/v2\/posts\/13231\/revisions\/13234"}],"wp:featuredmedia":[{"embeddable":true,"href":"https:\/\/chasquideportivo.com\/ecrt\/wp-json\/wp\/v2\/media\/13232"}],"wp:attachment":[{"href":"https:\/\/chasquideportivo.com\/ecrt\/wp-json\/wp\/v2\/media?parent=13231"}],"wp:term":[{"taxonomy":"category","embeddable":true,"href":"https:\/\/chasquideportivo.com\/ecrt\/wp-json\/wp\/v2\/categories?post=13231"},{"taxonomy":"post_tag","embeddable":true,"href":"https:\/\/chasquideportivo.com\/ecrt\/wp-json\/wp\/v2\/tags?post=13231"}],"curies":[{"name":"wp","href":"https:\/\/api.w.org\/{rel}","templated":true}]}}